{"id":741,"date":"2026-03-19T16:56:37","date_gmt":"2026-03-19T16:56:37","guid":{"rendered":"https:\/\/elmensajeromx.com\/?p=741"},"modified":"2026-03-19T16:56:37","modified_gmt":"2026-03-19T16:56:37","slug":"fiscalia-general-de-veracruz-lleva-ante-la-justicia-a-presunto-homicida-de-atoyac","status":"publish","type":"post","link":"https:\/\/elmensajeromx.com\/?p=741","title":{"rendered":"Fiscal\u00eda General de Veracruz lleva ante la justicia a presunto homicida de Atoyac"},"content":{"rendered":"<p>Como resultado de labores de investigaci\u00f3n y trabajo de campo, la Fiscal\u00eda General del Estado, en colaboraci\u00f3n con elementos de la Fiscal\u00eda General de Justicia de la Ciudad de M\u00e9xico, cumplimentaron en aquella entidad una orden de aprehensi\u00f3n emitida por la autoridad judicial con sede en el distrito de C\u00f3rdoba, en contra de Jos\u00e9 Alfredo \u201cN\u201d, quien es investigado por su presunta responsabilidad en el delito de homicidio doloso calificado.<\/p>\n<p>Cabe se\u00f1alar que la persona detenida es considerada presunto generador de violencia en los municipios de Atoyac y Cuitl\u00e1huac, as\u00ed como presunto integrante de una c\u00e9lula delincuencial.<\/p>\n<p>De acuerdo con los datos integrados en la carpeta de investigaci\u00f3n, los hechos ocurrieron el 18 de abril de 2025, en el municipio de Atoyac, cuando presuntamente particip\u00f3 en la privaci\u00f3n de la vida de la v\u00edctima.<\/p>\n<p>En respeto a sus derechos humanos y al debido proceso, el detenido ser\u00e1 puesto a disposici\u00f3n del \u00f3rgano jurisdiccional correspondiente, quien definir\u00e1 su situaci\u00f3n jur\u00eddica en la pr\u00f3xima audiencia inicial, dentro del proceso penal 427\/2025.<\/p>\n","protected":false},"excerpt":{"rendered":"<p>Como resultado de labores de investigaci\u00f3n y trabajo de campo, la Fiscal\u00eda General del Estado, en colaboraci\u00f3n con elementos de la Fiscal\u00eda General de Justicia de la Ciudad de M\u00e9xico, cumplimentaron en aquella entidad una orden de aprehensi\u00f3n emitida por la autoridad judicial con sede en el distrito de C\u00f3rdoba, en contra de Jos\u00e9 Alfredo [&hellip;]<\/p>\n","protected":false},"author":3,"featured_media":742,"comment_status":"open","ping_status":"open","sticky":false,"template":"","format":"standard","meta":{"footnotes":""},"categories":[3],"tags":[],"class_list":{"0":"post-741","1":"post","2":"type-post","3":"status-publish","4":"format-standard","5":"has-post-thumbnail","7":"category-principal"},"_links":{"self":[{"href":"https:\/\/elmensajeromx.com\/index.php?rest_route=\/wp\/v2\/posts\/741","targetHints":{"allow":["GET"]}}],"collection":[{"href":"https:\/\/elmensajeromx.com\/index.php?rest_route=\/wp\/v2\/posts"}],"about":[{"href":"https:\/\/elmensajeromx.com\/index.php?rest_route=\/wp\/v2\/types\/post"}],"author":[{"embeddable":true,"href":"https:\/\/elmensajeromx.com\/index.php?rest_route=\/wp\/v2\/users\/3"}],"replies":[{"embeddable":true,"href":"https:\/\/elmensajeromx.com\/index.php?rest_route=%2Fwp%2Fv2%2Fcomments&post=741"}],"version-history":[{"count":1,"href":"https:\/\/elmensajeromx.com\/index.php?rest_route=\/wp\/v2\/posts\/741\/revisions"}],"predecessor-version":[{"id":743,"href":"https:\/\/elmensajeromx.com\/index.php?rest_route=\/wp\/v2\/posts\/741\/revisions\/743"}],"wp:featuredmedia":[{"embeddable":true,"href":"https:\/\/elmensajeromx.com\/index.php?rest_route=\/wp\/v2\/media\/742"}],"wp:attachment":[{"href":"https:\/\/elmensajeromx.com\/index.php?rest_route=%2Fwp%2Fv2%2Fmedia&parent=741"}],"wp:term":[{"taxonomy":"category","embeddable":true,"href":"https:\/\/elmensajeromx.com\/index.php?rest_route=%2Fwp%2Fv2%2Fcategories&post=741"},{"taxonomy":"post_tag","embeddable":true,"href":"https:\/\/elmensajeromx.com\/index.php?rest_route=%2Fwp%2Fv2%2Ftags&post=741"}],"curies":[{"name":"wp","href":"https:\/\/api.w.org\/{rel}","templated":true}]}}