{"id":579,"date":"2026-03-15T18:09:50","date_gmt":"2026-03-15T18:09:50","guid":{"rendered":"https:\/\/elmensajeromx.com\/?p=579"},"modified":"2026-03-15T18:09:50","modified_gmt":"2026-03-15T18:09:50","slug":"delegacion-veracruzana-destaca-en-la-feria-mexicana-de-ciencias-e-ingenierias-2026","status":"publish","type":"post","link":"https:\/\/elmensajeromx.com\/?p=579","title":{"rendered":"Delegaci\u00f3n veracruzana destaca en la Feria Mexicana de Ciencias e Ingenier\u00edas 2026"},"content":{"rendered":"<p>&nbsp;<\/p>\n<p>\u2022 Estudiantes veracruzanos obtienen 2\u00ba y 3\u00ba lugar en este encuentro nacional, en donde participaron 104 proyectos.<\/p>\n<p>\u2022 La Red Nacional de Consejos y Organismos Estatales de Ciencia y Tecnolog\u00eda organiz\u00f3 este evento cient\u00edfico.<\/p>\n<p>La delegaci\u00f3n veracruzana obtuvo destacados resultados durante su participaci\u00f3n en la Feria Mexicana de Ciencias e Ingenier\u00edas (FEMECI) 2026, realizada en la ciudad de San Carlos, Sonora, al obtener un segundo y un tercer lugar en este encuentro nacional.<\/p>\n<p>El evento fue organizado por la Red Nacional de Consejos y Organismos Estatales de Ciencia y Tecnolog\u00eda (REDNACECYT) y es considerado uno de los encuentros cient\u00edficos estudiantiles m\u00e1s importantes del pa\u00eds, donde j\u00f3venes investigadores presentan proyectos innovadores enfocados en problem\u00e1ticas sociales, ambientales y tecnol\u00f3gicas.<\/p>\n<p>La feria re\u00fane cada a\u00f1o a estudiantes de nivel medio superior y superior provenientes de diversas entidades federativas para compartir proyectos cient\u00edficos y tecnol\u00f3gicos. En esta edici\u00f3n participaron 19 estados del pa\u00eds con un total de 104 proyectos.<\/p>\n<p>En la edici\u00f3n 2026, la FEMECI concentr\u00f3 investigaciones desarrolladas en ocho \u00e1reas del conocimiento: Agroindustria y Alimentos, Ciencias Ambientales, Ciencias B\u00e1sicas, Ciencias Sociales, Ingenier\u00edas, Medicina y Ciencias de la Salud, Qu\u00edmica y Biolog\u00eda y Sistemas Inform\u00e1ticos.<\/p>\n<p>En este escenario nacional, seis proyectos representaron al estado de Veracruz, integrando la delegaci\u00f3n que particip\u00f3 en este encuentro cient\u00edfico celebrado del 10 al 13 de marzo en San Carlos, Sonora.<\/p>\n<p>Entre los resultados m\u00e1s destacados se encuentra el estudiante Oscar G\u00e1mez Zagrada, de la Universidad Veracruzana, quien obtuvo el segundo lugar en la categor\u00eda Medicina y Ciencias de la Salud, nivel superior, con el proyecto \u201cExploraci\u00f3n in silico de Verbesina persicifolia en la b\u00fasqueda de nuevas dianas terap\u00e9uticas contra la diabetes y sus complicaciones\u201d.<\/p>\n<p>La investigaci\u00f3n emplea herramientas computacionales para analizar compuestos bioactivos presentes en esta especie vegetal, con el objetivo de identificar posibles aplicaciones terap\u00e9uticas en el tratamiento de enfermedades metab\u00f3licas. El proyecto cont\u00f3 con la asesor\u00eda del investigador Gabriel Arturo Soto Ojeda.<\/p>\n<p>Por su parte, Teresa Alexandra Lazcano Ram\u00edrez, estudiante de la Universidad Tecnol\u00f3gica del Centro de Veracruz, obtuvo el tercer lugar en la categor\u00eda Ciencias Ambientales, nivel superior, con el proyecto \u201cCombustible Verde\u201d, una propuesta orientada al desarrollo de alternativas energ\u00e9ticas sostenibles mediante el aprovechamiento responsable de recursos naturales. Este proyecto fue desarrollado bajo la asesor\u00eda de Emilia Olivos Lagunes.<\/p>\n<p>Las y los estudiantes que participaron en la FEMECI fueron previamente seleccionados como finalistas de la Feria Veracruzana de Ciencias e Ingenier\u00edas 2025 (FERVECI), organizada por el Consejo Veracruzano de Investigaci\u00f3n Cient\u00edfica y Desarrollo Tecnol\u00f3gico (COVEICYDET), iniciativa que busca fortalecer las vocaciones cient\u00edficas y promover el desarrollo de proyectos innovadores entre la comunidad estudiantil del estado.<\/p>\n<p>Durante la ceremonia de premiaci\u00f3n estuvo presente la directora general del COVEICYDET, Mar\u00eda Graciela Hern\u00e1ndez y Ordu\u00f1a, quien reconoci\u00f3 el talento, la dedicaci\u00f3n y el compromiso de las y los j\u00f3venes veracruzanos participantes.<\/p>\n<p>\u201cLa participaci\u00f3n y los logros obtenidos en este encuentro nacional reflejan el talento y la creatividad de nuestras juventudes, as\u00ed como el trabajo que realizan las instituciones educativas para impulsar la investigaci\u00f3n cient\u00edfica y el desarrollo tecnol\u00f3gico en beneficio de la sociedad\u201d, expres\u00f3.<\/p>\n<p>Con estos resultados, Veracruz reafirma su presencia en uno de los principales espacios nacionales dedicados a la promoci\u00f3n de la ciencia, la tecnolog\u00eda y la innovaci\u00f3n entre estudiantes, impulsando proyectos que contribuyen a la generaci\u00f3n de conocimiento y al desarrollo sostenible.<\/p>\n","protected":false},"excerpt":{"rendered":"<p>&nbsp; \u2022 Estudiantes veracruzanos obtienen 2\u00ba y 3\u00ba lugar en este encuentro nacional, en donde participaron 104 proyectos. \u2022 La Red Nacional de Consejos y Organismos Estatales de Ciencia y Tecnolog\u00eda organiz\u00f3 este evento cient\u00edfico. La delegaci\u00f3n veracruzana obtuvo destacados resultados durante su participaci\u00f3n en la Feria Mexicana de Ciencias e Ingenier\u00edas (FEMECI) 2026, realizada [&hellip;]<\/p>\n","protected":false},"author":3,"featured_media":581,"comment_status":"open","ping_status":"open","sticky":false,"template":"","format":"standard","meta":{"footnotes":""},"categories":[3],"tags":[],"class_list":{"0":"post-579","1":"post","2":"type-post","3":"status-publish","4":"format-standard","5":"has-post-thumbnail","7":"category-principal"},"_links":{"self":[{"href":"https:\/\/elmensajeromx.com\/index.php?rest_route=\/wp\/v2\/posts\/579","targetHints":{"allow":["GET"]}}],"collection":[{"href":"https:\/\/elmensajeromx.com\/index.php?rest_route=\/wp\/v2\/posts"}],"about":[{"href":"https:\/\/elmensajeromx.com\/index.php?rest_route=\/wp\/v2\/types\/post"}],"author":[{"embeddable":true,"href":"https:\/\/elmensajeromx.com\/index.php?rest_route=\/wp\/v2\/users\/3"}],"replies":[{"embeddable":true,"href":"https:\/\/elmensajeromx.com\/index.php?rest_route=%2Fwp%2Fv2%2Fcomments&post=579"}],"version-history":[{"count":1,"href":"https:\/\/elmensajeromx.com\/index.php?rest_route=\/wp\/v2\/posts\/579\/revisions"}],"predecessor-version":[{"id":582,"href":"https:\/\/elmensajeromx.com\/index.php?rest_route=\/wp\/v2\/posts\/579\/revisions\/582"}],"wp:featuredmedia":[{"embeddable":true,"href":"https:\/\/elmensajeromx.com\/index.php?rest_route=\/wp\/v2\/media\/581"}],"wp:attachment":[{"href":"https:\/\/elmensajeromx.com\/index.php?rest_route=%2Fwp%2Fv2%2Fmedia&parent=579"}],"wp:term":[{"taxonomy":"category","embeddable":true,"href":"https:\/\/elmensajeromx.com\/index.php?rest_route=%2Fwp%2Fv2%2Fcategories&post=579"},{"taxonomy":"post_tag","embeddable":true,"href":"https:\/\/elmensajeromx.com\/index.php?rest_route=%2Fwp%2Fv2%2Ftags&post=579"}],"curies":[{"name":"wp","href":"https:\/\/api.w.org\/{rel}","templated":true}]}}