{"id":447,"date":"2026-03-13T19:16:16","date_gmt":"2026-03-13T19:16:16","guid":{"rendered":"https:\/\/elmensajeromx.com\/?p=447"},"modified":"2026-03-13T19:16:16","modified_gmt":"2026-03-13T19:16:16","slug":"uv-firma-convenio-con-la-sep-avalara-programas-tecnicos-de-bachillerato","status":"publish","type":"post","link":"https:\/\/elmensajeromx.com\/?p=447","title":{"rendered":"UV firma convenio con la SEP; avalar\u00e1 programas t\u00e9cnicos de bachillerato"},"content":{"rendered":"<ul>\n<li><em><span data-contrast=\"auto\">El rector Mart\u00edn Aguilar S\u00e1nchez firm\u00f3 el Convenio de Colaboraci\u00f3n Institucional, en el marco del\u00a0proyecto \u201cAbrazo Universitario al Bachillerato Nacional\u201d<\/span><\/em><span data-ccp-props=\"{&quot;201341983&quot;:0,&quot;335559739&quot;:0,&quot;335559740&quot;:240}\">\u00a0<\/span><\/li>\n<li data-leveltext=\"\u00b7\" data-font=\"Symbol\" data-listid=\"1\" data-list-defn-props=\"{&quot;335552541&quot;:1,&quot;335559685&quot;:720,&quot;335559991&quot;:360,&quot;469769226&quot;:&quot;Symbol&quot;,&quot;469769242&quot;:[8226],&quot;469777803&quot;:&quot;left&quot;,&quot;469777804&quot;:&quot;\u00b7&quot;,&quot;469777815&quot;:&quot;hybridMultilevel&quot;}\" data-aria-posinset=\"2\" data-aria-level=\"1\"><em><span data-contrast=\"auto\">Es impulsado por la Secretar\u00eda de Educaci\u00f3n Media Superior\u00a0y\u00a0busca fortalecer el reconocimiento acad\u00e9mico y la continuidad educativa<\/span><\/em><span data-ccp-props=\"{&quot;201341983&quot;:0,&quot;335559739&quot;:0,&quot;335559740&quot;:240}\">\u00a0<\/span><\/li>\n<\/ul>\n<p><strong><em>Redacci\u00f3n Universo<\/em><\/strong><\/p>\n<p><strong><em><span data-contrast=\"auto\">Ciudad de M\u00e9xico-<\/span><\/em><\/strong><span data-contrast=\"auto\">\u00a0El rector de la Universidad Veracruzana (UV), Mart\u00edn Aguilar S\u00e1nchez,\u00a0firm\u00f3 la adhesi\u00f3n de esta casa de estudios al Convenio de Colaboraci\u00f3n Institucional impulsado por la Secretar\u00eda de Educaci\u00f3n P\u00fablica (SEP) y la Subsecretar\u00eda de Educaci\u00f3n Media Superior, quienes se comprometen\u00a0a trabajar de manera conjunta en acciones que fortalezcan la calidad educativa y faciliten el reconocimiento de estudios de bachillerato en el pa\u00eds.\u00a0<\/span><\/p>\n<p><span data-contrast=\"auto\">El documento\u00a0marco se firm\u00f3 el 2\u00a0de septiembre de 2025,\u00a0y en esta ocasi\u00f3n\u00a0firmaron su adhesi\u00f3n\u00a020\u00a0universidades p\u00fablicas del pa\u00eds.\u00a0\u00a0Como parte de ello\u00a0y de su adenda de implementaci\u00f3n, la UV avalar\u00e1 y certificar\u00e1 programas educativos de la Subsecretar\u00eda de Educaci\u00f3n Media Superior que tengan correspondencia curricular con los planes de estudio de la\u00a0Universidad.<\/span><\/p>\n<figure id=\"attachment_294442\" aria-describedby=\"caption-attachment-294442\" style=\"width: 722px\" class=\"wp-caption alignleft\"><a href=\"https:\/\/hoyxalapa.com\/wp-content\/uploads\/2026\/03\/UV-firma-2.jpg\"><img loading=\"lazy\" decoding=\"async\" class=\"size-full wp-image-294442\" src=\"https:\/\/hoyxalapa.com\/wp-content\/uploads\/2026\/03\/UV-firma-2.jpg\" alt=\"\" width=\"722\" height=\"482\" \/><\/a><figcaption id=\"caption-attachment-294442\" class=\"wp-caption-text\">El rector Mart\u00edn Aguilar S\u00e1nchez firm\u00f3 el Convenio de Colaboraci\u00f3n Institucional, en el marco del proyecto \u201cAbrazo Universitario al Bachillerato Nacional\u201d<\/figcaption><\/figure>\n<p>Entre los programas considerados dentro de las carreras t\u00e9cnicas, tecnol\u00f3gicas y de formaci\u00f3n\u00a0laboral b\u00e1sica se encuentran: artes gr\u00e1ficas; huecograbado y flexograf\u00eda; sistemas de impresi\u00f3n\u00a0\u2013serigraf\u00eda y offset\u2013; trabajo social; gesti\u00f3n de la informaci\u00f3n y comunicaci\u00f3n digital; agroindustria alimentaria; exploraci\u00f3n y producci\u00f3n petrolera y Fundici\u00f3n de metales y acabados industriales.<\/p>\n<p><span data-contrast=\"auto\">Adem\u00e1s, mantenimiento a instalaciones petroleras; metalmec\u00e1nica; producci\u00f3n industrial de alimentos; producci\u00f3n industrial; vida saludable o salud integral y estilos de vida saludables y operaci\u00f3n portuaria.<\/span><\/p>\n<figure id=\"attachment_294443\" aria-describedby=\"caption-attachment-294443\" style=\"width: 722px\" class=\"wp-caption alignleft\"><a href=\"https:\/\/hoyxalapa.com\/wp-content\/uploads\/2026\/03\/UV-firma-3.jpg\"><img loading=\"lazy\" decoding=\"async\" class=\"size-full wp-image-294443\" src=\"https:\/\/hoyxalapa.com\/wp-content\/uploads\/2026\/03\/UV-firma-3.jpg\" alt=\"\" width=\"722\" height=\"482\" \/><\/a><figcaption id=\"caption-attachment-294443\" class=\"wp-caption-text\">El rector de la UV, Mart\u00edn Aguilar S\u00e1nchez, durante la firma de convenio. Lo acompa\u00f1an el secretario de Educaci\u00f3n P\u00fablica, Mario Delgado, y la subsecretaria de Educaci\u00f3n Media Superior, Tania Hogla Rodr\u00edguez Mora<\/figcaption><\/figure>\n<p>Por otra parte, en el \u00e1rea de estudios t\u00e9cnicos, se incluyen los siguientes programas: Interpretaci\u00f3n y traducci\u00f3n del idioma ingl\u00e9s; Dise\u00f1o de producto gr\u00e1fico; Comunicaci\u00f3n; Gesti\u00f3n de informaci\u00f3n documental y digital y Auxiliar laboratorista.\u00a0<span data-ccp-props=\"{&quot;201341983&quot;:0,&quot;335559731&quot;:708,&quot;335559739&quot;:0,&quot;335559740&quot;:240}\">\u00a0<\/span><\/p>\n<p><span data-contrast=\"auto\">Esta oferta educativa podr\u00e1 ajustarse conforme sea necesario para facilitar la continuidad y movilidad acad\u00e9mica de las y los estudiantes.<\/span><\/p>\n<figure id=\"attachment_294444\" aria-describedby=\"caption-attachment-294444\" style=\"width: 722px\" class=\"wp-caption alignleft\"><a href=\"https:\/\/hoyxalapa.com\/wp-content\/uploads\/2026\/03\/UV-firma-4.jpg\"><img loading=\"lazy\" decoding=\"async\" class=\"size-full wp-image-294444\" src=\"https:\/\/hoyxalapa.com\/wp-content\/uploads\/2026\/03\/UV-firma-4.jpg\" alt=\"\" width=\"722\" height=\"482\" \/><\/a><figcaption id=\"caption-attachment-294444\" class=\"wp-caption-text\">En el marco del proyecto \u201cAbrazo Universitario al Bachillerato Nacional\u201d, ambas instituciones se comprometen a trabajar de manera conjunta en acciones que fortalezcan la calidad educativa<\/figcaption><\/figure>\n<p>El\u00a0adendum\u00a0fue firmado por el rector de la UV, Mart\u00edn Aguilar S\u00e1nchez; de la SEP participaron la subsecretaria de Educaci\u00f3n Media Superior, Tania\u00a0Hogla\u00a0Rodr\u00edguez Mora; la coordinadora sectorial acad\u00e9mica, Virginia Lorenzo Holm; el director general de Educaci\u00f3n Tecnol\u00f3gica Industrial y de Servicios, Rolando de Jes\u00fas L\u00f3pez Saldada; y el titular\u00a0de Educaci\u00f3n Tecnol\u00f3gica Agropecuaria y Ciencias del Mar, Mario Hern\u00e1ndez Gonz\u00e1lez.<\/p>\n<p><span data-contrast=\"auto\">Tambi\u00e9n, firmaron la encargada\u00a0de Sistemas Abiertos de la Direcci\u00f3n General del Bachillerato, Paola\u00a0Chenillo\u00a0Alazraki, y el titular\u00a0de Bachillerato Tecnol\u00f3gico de Educaci\u00f3n y Promoci\u00f3n Deportiva, Fernando Magro Soto Otero.<\/span><\/p>\n<figure id=\"attachment_294445\" aria-describedby=\"caption-attachment-294445\" style=\"width: 722px\" class=\"wp-caption alignleft\"><a href=\"https:\/\/hoyxalapa.com\/wp-content\/uploads\/2026\/03\/UV-firma-5.jpg\"><img loading=\"lazy\" decoding=\"async\" class=\"size-full wp-image-294445\" src=\"https:\/\/hoyxalapa.com\/wp-content\/uploads\/2026\/03\/UV-firma-5.jpg\" alt=\"\" width=\"722\" height=\"482\" \/><\/a><figcaption id=\"caption-attachment-294445\" class=\"wp-caption-text\">Como parte de este acto tambi\u00e9n se presentaron los avances del proyecto \u201cAbrazo Universitario al Bachillerato Nacional\u201d<\/figcaption><\/figure>\n<p>La UV se suma a dicho esfuerzo con el objetivo de seguir contribuyendo a que todas las personas puedan ejercer en condiciones de igualdad, equidad, universalidad e inclusi\u00f3n su derecho a la educaci\u00f3n.<span data-ccp-props=\"{&quot;201341983&quot;:0,&quot;335559731&quot;:708,&quot;335559739&quot;:0,&quot;335559740&quot;:240}\">\u00a0<\/span><\/p>\n<p><span data-contrast=\"auto\">La\u00a0adhesi\u00f3n de la Universidad Veracruzana se llev\u00f3 a cabo dentro de\u00a0la primera sesi\u00f3n ordinaria del Consejo Acad\u00e9mico para la Transformaci\u00f3n de la Educaci\u00f3n Tecnol\u00f3gica y Profesional Media Superior y de Fortalecimiento integral de las opciones formativas del Bachillerato Nacional, que fue presidido por el\u00a0secretario de Educaci\u00f3n P\u00fablica, Mario Delgado,\u00a0y la subsecretaria de Educaci\u00f3n Media Superior Tania\u00a0Hogla\u00a0Rodr\u00edguez Mora, en la que presentaron los avances del proyecto \u201cAbrazo Universitario al Bachillerato Nacional\u201d.<\/span><\/p>\n","protected":false},"excerpt":{"rendered":"<p>El rector Mart\u00edn Aguilar S\u00e1nchez firm\u00f3 el Convenio de Colaboraci\u00f3n Institucional, en el marco del\u00a0proyecto \u201cAbrazo Universitario al Bachillerato Nacional\u201d\u00a0 Es impulsado por la Secretar\u00eda de Educaci\u00f3n Media Superior\u00a0y\u00a0busca fortalecer el reconocimiento acad\u00e9mico y la continuidad educativa\u00a0 Redacci\u00f3n Universo Ciudad de M\u00e9xico-\u00a0El rector de la Universidad Veracruzana (UV), Mart\u00edn Aguilar S\u00e1nchez,\u00a0firm\u00f3 la adhesi\u00f3n de esta [&hellip;]<\/p>\n","protected":false},"author":2,"featured_media":450,"comment_status":"open","ping_status":"open","sticky":false,"template":"","format":"standard","meta":{"footnotes":""},"categories":[3,4],"tags":[31],"class_list":{"0":"post-447","1":"post","2":"type-post","3":"status-publish","4":"format-standard","5":"has-post-thumbnail","7":"category-principal","8":"category-veracruz","9":"tag-martinaguilarsanchez-rector-universidadveracruzana"},"_links":{"self":[{"href":"https:\/\/elmensajeromx.com\/index.php?rest_route=\/wp\/v2\/posts\/447","targetHints":{"allow":["GET"]}}],"collection":[{"href":"https:\/\/elmensajeromx.com\/index.php?rest_route=\/wp\/v2\/posts"}],"about":[{"href":"https:\/\/elmensajeromx.com\/index.php?rest_route=\/wp\/v2\/types\/post"}],"author":[{"embeddable":true,"href":"https:\/\/elmensajeromx.com\/index.php?rest_route=\/wp\/v2\/users\/2"}],"replies":[{"embeddable":true,"href":"https:\/\/elmensajeromx.com\/index.php?rest_route=%2Fwp%2Fv2%2Fcomments&post=447"}],"version-history":[{"count":1,"href":"https:\/\/elmensajeromx.com\/index.php?rest_route=\/wp\/v2\/posts\/447\/revisions"}],"predecessor-version":[{"id":451,"href":"https:\/\/elmensajeromx.com\/index.php?rest_route=\/wp\/v2\/posts\/447\/revisions\/451"}],"wp:featuredmedia":[{"embeddable":true,"href":"https:\/\/elmensajeromx.com\/index.php?rest_route=\/wp\/v2\/media\/450"}],"wp:attachment":[{"href":"https:\/\/elmensajeromx.com\/index.php?rest_route=%2Fwp%2Fv2%2Fmedia&parent=447"}],"wp:term":[{"taxonomy":"category","embeddable":true,"href":"https:\/\/elmensajeromx.com\/index.php?rest_route=%2Fwp%2Fv2%2Fcategories&post=447"},{"taxonomy":"post_tag","embeddable":true,"href":"https:\/\/elmensajeromx.com\/index.php?rest_route=%2Fwp%2Fv2%2Ftags&post=447"}],"curies":[{"name":"wp","href":"https:\/\/api.w.org\/{rel}","templated":true}]}}