{"id":2948,"date":"2026-04-28T02:01:25","date_gmt":"2026-04-28T02:01:25","guid":{"rendered":"https:\/\/elmensajeromx.com\/?p=2948"},"modified":"2026-04-28T02:01:25","modified_gmt":"2026-04-28T02:01:25","slug":"regresa-el-futbol-profesional-a-veracruz-piratas-fc-jugara-en-liga-de-expansion","status":"publish","type":"post","link":"https:\/\/elmensajeromx.com\/?p=2948","title":{"rendered":"Regresa el futbol profesional a Veracruz; Piratas FC jugar\u00e1 en Liga de Expansi\u00f3n"},"content":{"rendered":"<div class=\"\" data-turn-id-container=\"request-WEB:e6312494-1b5e-46b3-9ce5-3b99cf30f216-14\" data-is-intersecting=\"true\">\n<section class=\"text-token-text-primary w-full focus:outline-none [--shadow-height:45px] has-data-writing-block:pointer-events-none has-data-writing-block:-mt-(--shadow-height) has-data-writing-block:pt-(--shadow-height) [&amp;:has([data-writing-block])&gt;*]:pointer-events-auto R6Vx5W_threadScrollVars scroll-mb-[calc(var(--scroll-root-safe-area-inset-bottom,0px)+var(--thread-response-height))] scroll-mt-[calc(var(--header-height)+min(200px,max(70px,20svh)))]\" dir=\"auto\" data-turn-id=\"request-WEB:e6312494-1b5e-46b3-9ce5-3b99cf30f216-14\" data-testid=\"conversation-turn-16\" data-scroll-anchor=\"false\" data-turn=\"assistant\">\n<div class=\"text-base my-auto mx-auto pb-10 [--thread-content-margin:var(--thread-content-margin-xs,calc(var(--spacing)*4))] @w-sm\/main:[--thread-content-margin:var(--thread-content-margin-sm,calc(var(--spacing)*6))] @w-lg\/main:[--thread-content-margin:var(--thread-content-margin-lg,calc(var(--spacing)*16))] px-(--thread-content-margin)\">\n<div class=\"[--thread-content-max-width:40rem] @w-lg\/main:[--thread-content-max-width:48rem] mx-auto max-w-(--thread-content-max-width) flex-1 group\/turn-messages focus-visible:outline-hidden relative flex w-full min-w-0 flex-col agent-turn\">\n<div class=\"flex max-w-full flex-col gap-4 grow\">\n<div class=\"min-h-8 text-message relative flex w-full flex-col items-end gap-2 text-start break-words whitespace-normal outline-none keyboard-focused:focus-ring [.text-message+&amp;]:mt-1\" dir=\"auto\" tabindex=\"0\" data-message-author-role=\"assistant\" data-message-id=\"b4f83ddb-b7a5-49b3-a24f-52a60e3b700e\" data-message-model-slug=\"gpt-5-3\" data-turn-start-message=\"true\">\n<div class=\"flex w-full flex-col gap-1 empty:hidden\">\n<div class=\"markdown prose dark:prose-invert w-full wrap-break-word light markdown-new-styling\">\n<p data-start=\"1794\" data-end=\"1977\">El regreso del futbol profesional a Veracruz fue oficializado este fin de semana con el anuncio de que Piratas FC participar\u00e1 en la Liga de Expansi\u00f3n MX a partir del Torneo 2026-2027.<\/p>\n<p data-start=\"1979\" data-end=\"2226\">A trav\u00e9s de un comunicado, Carlos Vives G\u00f3mez, presidente de la junta directiva del club, inform\u00f3 que la Federaci\u00f3n Mexicana de Futbol aprob\u00f3 en Asamblea General la incorporaci\u00f3n del equipo, lo que abre una nueva etapa para la afici\u00f3n veracruzana.<\/p>\n<p data-start=\"2228\" data-end=\"2364\">El proyecto tendr\u00e1 como casa el estadio \u201cPirata\u201d Fuente, recinto hist\u00f3rico que volver\u00e1 a recibir futbol profesional tras a\u00f1os de espera.<\/p>\n<p data-start=\"2366\" data-end=\"2516\">Seg\u00fan el mensaje difundido, Piratas FC es resultado de m\u00e1s de cuatro a\u00f1os de trabajo entre la directiva, empresarios locales y el Gobierno del Estado.<\/p>\n<p data-start=\"2518\" data-end=\"2683\">Adem\u00e1s del plano deportivo, la dirigencia asegur\u00f3 que el club tendr\u00e1 una visi\u00f3n social, con academias y escuelas para impulsar a ni\u00f1as, ni\u00f1os y j\u00f3venes veracruzanos.<\/p>\n<p data-start=\"2685\" data-end=\"2854\">La directiva sostuvo que el equipo buscar\u00e1 representar al estado con orgullo, compromiso y pasi\u00f3n en cada torneo, adem\u00e1s de recuperar la identidad futbolera de Veracruz.<\/p>\n<p data-start=\"2856\" data-end=\"3019\" data-is-last-node=\"\" data-is-only-node=\"\">Con este anuncio, se concreta uno de los proyectos m\u00e1s esperados por la afici\u00f3n y comienza la cuenta regresiva para ver nuevamente futbol profesional en el puerto.<\/p>\n<\/div>\n<\/div>\n<\/div>\n<\/div>\n<div class=\"z-0 flex min-h-[46px] justify-start\"><img loading=\"lazy\" decoding=\"async\" class=\"alignnone size-large wp-image-2949\" src=\"https:\/\/elmensajeromx.com\/wp-content\/uploads\/2026\/04\/WhatsApp-Image-2026-04-27-at-18.41.03-1-1024x768.jpeg\" alt=\"\" width=\"696\" height=\"522\" srcset=\"https:\/\/elmensajeromx.com\/wp-content\/uploads\/2026\/04\/WhatsApp-Image-2026-04-27-at-18.41.03-1-1024x768.jpeg 1024w, https:\/\/elmensajeromx.com\/wp-content\/uploads\/2026\/04\/WhatsApp-Image-2026-04-27-at-18.41.03-1-300x225.jpeg 300w, https:\/\/elmensajeromx.com\/wp-content\/uploads\/2026\/04\/WhatsApp-Image-2026-04-27-at-18.41.03-1-768x576.jpeg 768w, https:\/\/elmensajeromx.com\/wp-content\/uploads\/2026\/04\/WhatsApp-Image-2026-04-27-at-18.41.03-1-1536x1152.jpeg 1536w, https:\/\/elmensajeromx.com\/wp-content\/uploads\/2026\/04\/WhatsApp-Image-2026-04-27-at-18.41.03-1-560x420.jpeg 560w, https:\/\/elmensajeromx.com\/wp-content\/uploads\/2026\/04\/WhatsApp-Image-2026-04-27-at-18.41.03-1-80x60.jpeg 80w, https:\/\/elmensajeromx.com\/wp-content\/uploads\/2026\/04\/WhatsApp-Image-2026-04-27-at-18.41.03-1-150x113.jpeg 150w, https:\/\/elmensajeromx.com\/wp-content\/uploads\/2026\/04\/WhatsApp-Image-2026-04-27-at-18.41.03-1-696x522.jpeg 696w, https:\/\/elmensajeromx.com\/wp-content\/uploads\/2026\/04\/WhatsApp-Image-2026-04-27-at-18.41.03-1-1068x801.jpeg 1068w, https:\/\/elmensajeromx.com\/wp-content\/uploads\/2026\/04\/WhatsApp-Image-2026-04-27-at-18.41.03-1.jpeg 1600w\" sizes=\"auto, (max-width: 696px) 100vw, 696px\" \/><\/div>\n<div class=\"mt-3 w-full empty:hidden\">\n<div class=\"text-center\"><\/div>\n<\/div>\n<\/div>\n<\/div>\n<\/section>\n<\/div>\n<div class=\"pointer-events-none -mt-px h-px translate-y-[calc(var(--scroll-root-safe-area-inset-bottom)-14*var(--spacing))]\" aria-hidden=\"true\"><\/div>\n","protected":false},"excerpt":{"rendered":"<p>El regreso del futbol profesional a Veracruz fue oficializado este fin de semana con el anuncio de que Piratas FC participar\u00e1 en la Liga de Expansi\u00f3n MX a partir del Torneo 2026-2027. A trav\u00e9s de un comunicado, Carlos Vives G\u00f3mez, presidente de la junta directiva del club, inform\u00f3 que la Federaci\u00f3n Mexicana de Futbol aprob\u00f3 [&hellip;]<\/p>\n","protected":false},"author":3,"featured_media":2950,"comment_status":"open","ping_status":"open","sticky":false,"template":"","format":"standard","meta":{"footnotes":""},"categories":[3],"tags":[],"class_list":{"0":"post-2948","1":"post","2":"type-post","3":"status-publish","4":"format-standard","5":"has-post-thumbnail","7":"category-principal"},"_links":{"self":[{"href":"https:\/\/elmensajeromx.com\/index.php?rest_route=\/wp\/v2\/posts\/2948","targetHints":{"allow":["GET"]}}],"collection":[{"href":"https:\/\/elmensajeromx.com\/index.php?rest_route=\/wp\/v2\/posts"}],"about":[{"href":"https:\/\/elmensajeromx.com\/index.php?rest_route=\/wp\/v2\/types\/post"}],"author":[{"embeddable":true,"href":"https:\/\/elmensajeromx.com\/index.php?rest_route=\/wp\/v2\/users\/3"}],"replies":[{"embeddable":true,"href":"https:\/\/elmensajeromx.com\/index.php?rest_route=%2Fwp%2Fv2%2Fcomments&post=2948"}],"version-history":[{"count":1,"href":"https:\/\/elmensajeromx.com\/index.php?rest_route=\/wp\/v2\/posts\/2948\/revisions"}],"predecessor-version":[{"id":2951,"href":"https:\/\/elmensajeromx.com\/index.php?rest_route=\/wp\/v2\/posts\/2948\/revisions\/2951"}],"wp:featuredmedia":[{"embeddable":true,"href":"https:\/\/elmensajeromx.com\/index.php?rest_route=\/wp\/v2\/media\/2950"}],"wp:attachment":[{"href":"https:\/\/elmensajeromx.com\/index.php?rest_route=%2Fwp%2Fv2%2Fmedia&parent=2948"}],"wp:term":[{"taxonomy":"category","embeddable":true,"href":"https:\/\/elmensajeromx.com\/index.php?rest_route=%2Fwp%2Fv2%2Fcategories&post=2948"},{"taxonomy":"post_tag","embeddable":true,"href":"https:\/\/elmensajeromx.com\/index.php?rest_route=%2Fwp%2Fv2%2Ftags&post=2948"}],"curies":[{"name":"wp","href":"https:\/\/api.w.org\/{rel}","templated":true}]}}