{"id":2937,"date":"2026-04-28T01:38:12","date_gmt":"2026-04-28T01:38:12","guid":{"rendered":"https:\/\/elmensajeromx.com\/?p=2937"},"modified":"2026-04-28T01:38:12","modified_gmt":"2026-04-28T01:38:12","slug":"ayuntamiento-de-veracruz-atiende-rescate-de-ave-en-la-zona-centro","status":"publish","type":"post","link":"https:\/\/elmensajeromx.com\/?p=2937","title":{"rendered":"Ayuntamiento de Veracruz atiende rescate de ave en la zona centro"},"content":{"rendered":"<p>La alcaldesa de Veracruz, Rosa Mar\u00eda Hern\u00e1ndez Espejo, instruy\u00f3 la atenci\u00f3n de un reporte ciudadano sobre la presencia de un ave en la calle Miguel Lerdo de Tejada, en la zona centro, con el objetivo de salvaguardar la integridad del ejemplar y brindar cuidados oportunos.<\/p>\n<p>Personal de la direcci\u00f3n de Salud y Protecci\u00f3n Animal Municipal acudi\u00f3 a un restaurante ubicado entre las calles Independencia y 5 de Mayo, donde les fue entregado un ave nocturna conocida como tapacaminos, mismo que fue resguardado conforme a los protocolos establecidos.<\/p>\n<p>La denuncia fue canalizada a trav\u00e9s de la Regidur\u00eda 5, instancia que dio puntual seguimiento al aviso ciudadano, fortaleciendo la coordinaci\u00f3n institucional en casos relacionados con la fauna silvestre en el municipio.<\/p>\n<p>Posteriormente, el esp\u00e9cimen fue trasladado al Parque Miguel \u00c1ngel de Quevedo, donde recibir\u00e1 valoraci\u00f3n m\u00e9dica especializada y seguimiento, reafirmando el compromiso del Ayuntamiento de Veracruz con la protecci\u00f3n de la fauna y la atenci\u00f3n oportuna a los reportes ciudadanos.<\/p>\n<p><img loading=\"lazy\" decoding=\"async\" class=\"alignnone size-large wp-image-2939\" src=\"https:\/\/elmensajeromx.com\/wp-content\/uploads\/2026\/04\/WhatsApp-Image-2026-04-27-at-18.03.09-1024x768.jpeg\" alt=\"\" width=\"696\" height=\"522\" srcset=\"https:\/\/elmensajeromx.com\/wp-content\/uploads\/2026\/04\/WhatsApp-Image-2026-04-27-at-18.03.09-1024x768.jpeg 1024w, https:\/\/elmensajeromx.com\/wp-content\/uploads\/2026\/04\/WhatsApp-Image-2026-04-27-at-18.03.09-300x225.jpeg 300w, https:\/\/elmensajeromx.com\/wp-content\/uploads\/2026\/04\/WhatsApp-Image-2026-04-27-at-18.03.09-768x576.jpeg 768w, https:\/\/elmensajeromx.com\/wp-content\/uploads\/2026\/04\/WhatsApp-Image-2026-04-27-at-18.03.09-1536x1152.jpeg 1536w, https:\/\/elmensajeromx.com\/wp-content\/uploads\/2026\/04\/WhatsApp-Image-2026-04-27-at-18.03.09-560x420.jpeg 560w, https:\/\/elmensajeromx.com\/wp-content\/uploads\/2026\/04\/WhatsApp-Image-2026-04-27-at-18.03.09-80x60.jpeg 80w, https:\/\/elmensajeromx.com\/wp-content\/uploads\/2026\/04\/WhatsApp-Image-2026-04-27-at-18.03.09-150x113.jpeg 150w, https:\/\/elmensajeromx.com\/wp-content\/uploads\/2026\/04\/WhatsApp-Image-2026-04-27-at-18.03.09-696x522.jpeg 696w, https:\/\/elmensajeromx.com\/wp-content\/uploads\/2026\/04\/WhatsApp-Image-2026-04-27-at-18.03.09-1068x801.jpeg 1068w, https:\/\/elmensajeromx.com\/wp-content\/uploads\/2026\/04\/WhatsApp-Image-2026-04-27-at-18.03.09.jpeg 1600w\" sizes=\"auto, (max-width: 696px) 100vw, 696px\" \/><\/p>\n","protected":false},"excerpt":{"rendered":"<p>La alcaldesa de Veracruz, Rosa Mar\u00eda Hern\u00e1ndez Espejo, instruy\u00f3 la atenci\u00f3n de un reporte ciudadano sobre la presencia de un ave en la calle Miguel Lerdo de Tejada, en la zona centro, con el objetivo de salvaguardar la integridad del ejemplar y brindar cuidados oportunos. Personal de la direcci\u00f3n de Salud y Protecci\u00f3n Animal Municipal [&hellip;]<\/p>\n","protected":false},"author":3,"featured_media":2938,"comment_status":"open","ping_status":"open","sticky":false,"template":"","format":"standard","meta":{"footnotes":""},"categories":[8,3,4],"tags":[],"class_list":{"0":"post-2937","1":"post","2":"type-post","3":"status-publish","4":"format-standard","5":"has-post-thumbnail","7":"category-ayuntamientos","8":"category-principal","9":"category-veracruz"},"_links":{"self":[{"href":"https:\/\/elmensajeromx.com\/index.php?rest_route=\/wp\/v2\/posts\/2937","targetHints":{"allow":["GET"]}}],"collection":[{"href":"https:\/\/elmensajeromx.com\/index.php?rest_route=\/wp\/v2\/posts"}],"about":[{"href":"https:\/\/elmensajeromx.com\/index.php?rest_route=\/wp\/v2\/types\/post"}],"author":[{"embeddable":true,"href":"https:\/\/elmensajeromx.com\/index.php?rest_route=\/wp\/v2\/users\/3"}],"replies":[{"embeddable":true,"href":"https:\/\/elmensajeromx.com\/index.php?rest_route=%2Fwp%2Fv2%2Fcomments&post=2937"}],"version-history":[{"count":1,"href":"https:\/\/elmensajeromx.com\/index.php?rest_route=\/wp\/v2\/posts\/2937\/revisions"}],"predecessor-version":[{"id":2941,"href":"https:\/\/elmensajeromx.com\/index.php?rest_route=\/wp\/v2\/posts\/2937\/revisions\/2941"}],"wp:featuredmedia":[{"embeddable":true,"href":"https:\/\/elmensajeromx.com\/index.php?rest_route=\/wp\/v2\/media\/2938"}],"wp:attachment":[{"href":"https:\/\/elmensajeromx.com\/index.php?rest_route=%2Fwp%2Fv2%2Fmedia&parent=2937"}],"wp:term":[{"taxonomy":"category","embeddable":true,"href":"https:\/\/elmensajeromx.com\/index.php?rest_route=%2Fwp%2Fv2%2Fcategories&post=2937"},{"taxonomy":"post_tag","embeddable":true,"href":"https:\/\/elmensajeromx.com\/index.php?rest_route=%2Fwp%2Fv2%2Ftags&post=2937"}],"curies":[{"name":"wp","href":"https:\/\/api.w.org\/{rel}","templated":true}]}}