{"id":2927,"date":"2026-04-27T19:23:09","date_gmt":"2026-04-27T19:23:09","guid":{"rendered":"https:\/\/elmensajeromx.com\/?p=2927"},"modified":"2026-04-27T19:23:09","modified_gmt":"2026-04-27T19:23:09","slug":"anuncia-alcalde-de-banderilla-impulso-de-la-expresion-oral-en-centros-educativos-del-municipio","status":"publish","type":"post","link":"https:\/\/elmensajeromx.com\/?p=2927","title":{"rendered":"Anuncia, alcalde de Banderilla, impulso de la expresi\u00f3n oral en centros educativos del municipio"},"content":{"rendered":"<ul>\n<li><strong>En la Legislatura del Estado, Jos\u00e9 Antonio Sangabriel Fern\u00e1ndez, clausur\u00f3 el curso del D\u00eda Nacional de la Oratoria Generaci\u00f3n \u201cDoctor Carlos Garc\u00eda M\u00e9ndez\u201d<\/strong><\/li>\n<li><strong>El reto es que las y los escolares desarrollen su talento en materia de oratoria para que participen en procesos acad\u00e9micos como la Olimpiada del Conocimiento<\/strong><\/li>\n<\/ul>\n<p><strong>Banderilla, Ver., lunes 26 de abril de 2026.- <\/strong>El alcalde de Banderilla, Ver., Jos\u00e9 Antonio Sangabriel Fern\u00e1ndez, anunci\u00f3 que durante su administraci\u00f3n gubernamental -2026-2029- dar\u00e1 un especial impulso al desarrollo de las habilidades de la expresi\u00f3n oral entre las ni\u00f1as, los ni\u00f1os y los adolescentes, por lo que se impulsar\u00e1 su ense\u00f1anza en todos los centros educativos del municipio.<\/p>\n<p>Al encabezar la Ceremonia de Clausura del Curso del D\u00eda Nacional de la Oratoria 2026, generaci\u00f3n \u201cDoctor Carlos Garc\u00eda M\u00e9ndez\u201d, -distinguido como benefactor de la oratoria nacional-, el presidente Municipal de Banderilla, agreg\u00f3 que el reto es que las y los escolares desarrollen su talento en materia de expresi\u00f3n vocal y corporal, con el prop\u00f3sito de que participen activamente en procesos acad\u00e9micos como la Olimpiada del Conocimiento.<\/p>\n<p>Durante el evento que se llev\u00f3 a cabo en las instalaciones de la Legislatura del Estado, Jos\u00e9 Antonio Sangabriel Fern\u00e1ndez hizo un p\u00fablico reconocimiento a dos banderillenses distinguidos: a la Maestra Yolanda Hern\u00e1ndez Jim\u00e9nez y a Don F\u00e9lix V\u00e1zquez D\u00edaz Pintos, por su \u201cimportante contribuci\u00f3n al fortalecimiento cultural y educativo del municipio\u201d.<\/p>\n<p>Asimismo, el presidente Municipal de Banderilla agreg\u00f3 que, al mismo tiempo que se trabaja para exaltar los valores c\u00edvicos, se pone especial empe\u00f1o en contribuir en la formaci\u00f3n de las nuevas generaciones comprometidas con el cuidado de los recursos naturales, como la flora y la fauna, as\u00ed como el agua y el medio ambiente en general.<\/p>\n<p>Por su parte, las y los oradores infantiles y adolescentes entregaron un reconocimiento al alcalde, como muestra de gratitud, por su respaldo en su proceso de formaci\u00f3n a trav\u00e9s de becas que impulsan su educaci\u00f3n y fortalecen sus habilidades en la expresi\u00f3n oral en eventos p\u00fablicos.<\/p>\n<p>El director de la Escuela Superior de Oratoria A. C., Enrique Alberto Mendoza Filidor explic\u00f3 que las madres, padres de familia y estudiantes fueron parte fundamental de esta experiencia acad\u00e9mica que, durante dos meses, se desarroll\u00f3 en la Legislatura del Estado, espacio p\u00fablico que se consolid\u00f3 como una instituci\u00f3n de formaci\u00f3n integral.<\/p>\n<p>En su oportunidad, la directora municipal de Medio Ambiente y Cultura del Agua, Julia Elena Mendoza Ruiz, en conferencia magistral destac\u00f3 la riqueza natural del bosque mes\u00f3filo de monta\u00f1a del \u00c1rea Natural Protegida La Martinica, as\u00ed como la necesidad de generar conciencia sobre el uso responsable del agua, promoviendo su cuidado y aprovechamiento sostenible. Hizo un llamado a la sociedad en general para sumarse activamente a este prop\u00f3sito.<\/p>\n<p>En el marco del evento, el estudiante de Oratoria, Fabi\u00e1n Emmanuel Mar\u00edn Gonz\u00e1lez resalt\u00f3 la grandeza hist\u00f3rica de Banderilla, as\u00ed como su potencial como detonador econ\u00f3mico; asimismo, reconoci\u00f3 el trabajo del presidente Municipal, Jos\u00e9 Antonio Sangabriel Fern\u00e1ndez y coincidi\u00f3 en la necesidad de fortalecer la unidad de la sociedad para realizar programas espec\u00edficos para la protecci\u00f3n del medio ambiente.<\/p>\n<p>Por su parte, Ayleth Yesenia S\u00e1nchez Gonz\u00e1lez, en representaci\u00f3n de la comunidad de Xaltepec y de su Escuela Telesecundaria, destac\u00f3 la importancia de contar con aulas y espacios deportivos dignos, ante lo cual el presidente Municipal se comprometi\u00f3 a atender dichas peticiones.<\/p>\n<p>Acompa\u00f1aron al presidente municipal de Banderilla, la diputada Local, Ana Rosa Vald\u00e9s Salazar; el jefe del Sector Educativo No. 10 de Primaria Federal, Ignacio Fern\u00e1ndez Parra y el dirigente del Sindicato de Trabajadores del Poder Legislativo del Congreso del Estado, Jos\u00e9 de Jes\u00fas Rodr\u00edguez Hern\u00e1ndez<\/p>\n<p><a href=\"https:\/\/hoyxalapa.com\/wp-content\/uploads\/2026\/04\/WhatsApp-Image-2026-04-27-at-09.26.25-1.jpeg\"><img loading=\"lazy\" decoding=\"async\" class=\"alignleft size-full wp-image-302017\" src=\"https:\/\/hoyxalapa.com\/wp-content\/uploads\/2026\/04\/WhatsApp-Image-2026-04-27-at-09.26.25-1.jpeg\" alt=\"\" width=\"1600\" height=\"1066\" \/><\/a> <a href=\"https:\/\/hoyxalapa.com\/wp-content\/uploads\/2026\/04\/WhatsApp-Image-2026-04-27-at-09.26.25-2.jpeg\"><img loading=\"lazy\" decoding=\"async\" class=\"alignleft size-full wp-image-302019\" src=\"https:\/\/hoyxalapa.com\/wp-content\/uploads\/2026\/04\/WhatsApp-Image-2026-04-27-at-09.26.25-2.jpeg\" alt=\"\" width=\"1600\" height=\"1066\" \/><\/a> <a href=\"https:\/\/hoyxalapa.com\/wp-content\/uploads\/2026\/04\/WhatsApp-Image-2026-04-27-at-09.26.25-3.jpeg\"><img loading=\"lazy\" decoding=\"async\" class=\"alignleft size-full wp-image-302020\" src=\"https:\/\/hoyxalapa.com\/wp-content\/uploads\/2026\/04\/WhatsApp-Image-2026-04-27-at-09.26.25-3.jpeg\" alt=\"\" width=\"1600\" height=\"1066\" \/><\/a> <a href=\"https:\/\/hoyxalapa.com\/wp-content\/uploads\/2026\/04\/WhatsApp-Image-2026-04-27-at-09.26.25.jpeg\"><img loading=\"lazy\" decoding=\"async\" class=\"alignleft size-full wp-image-302021\" src=\"https:\/\/hoyxalapa.com\/wp-content\/uploads\/2026\/04\/WhatsApp-Image-2026-04-27-at-09.26.25.jpeg\" alt=\"\" width=\"1600\" height=\"1066\" \/><\/a> <a href=\"https:\/\/hoyxalapa.com\/wp-content\/uploads\/2026\/04\/WhatsApp-Image-2026-04-27-at-09.26.26.jpeg\"><img loading=\"lazy\" decoding=\"async\" class=\"alignleft size-full wp-image-302022\" src=\"https:\/\/hoyxalapa.com\/wp-content\/uploads\/2026\/04\/WhatsApp-Image-2026-04-27-at-09.26.26.jpeg\" alt=\"\" width=\"1600\" height=\"1066\" \/><\/a><\/p>\n","protected":false},"excerpt":{"rendered":"<p>En la Legislatura del Estado, Jos\u00e9 Antonio Sangabriel Fern\u00e1ndez, clausur\u00f3 el curso del D\u00eda Nacional de la Oratoria Generaci\u00f3n \u201cDoctor Carlos Garc\u00eda M\u00e9ndez\u201d El reto es que las y los escolares desarrollen su talento en materia de oratoria para que participen en procesos acad\u00e9micos como la Olimpiada del Conocimiento Banderilla, Ver., lunes 26 de abril [&hellip;]<\/p>\n","protected":false},"author":2,"featured_media":2928,"comment_status":"open","ping_status":"open","sticky":false,"template":"","format":"standard","meta":{"footnotes":""},"categories":[3,4],"tags":[57],"class_list":{"0":"post-2927","1":"post","2":"type-post","3":"status-publish","4":"format-standard","5":"has-post-thumbnail","7":"category-principal","8":"category-veracruz","9":"tag-joseantoniosangabrielfernandez-presidentemunicipal-banderilla-veracruz-mexico"},"_links":{"self":[{"href":"https:\/\/elmensajeromx.com\/index.php?rest_route=\/wp\/v2\/posts\/2927","targetHints":{"allow":["GET"]}}],"collection":[{"href":"https:\/\/elmensajeromx.com\/index.php?rest_route=\/wp\/v2\/posts"}],"about":[{"href":"https:\/\/elmensajeromx.com\/index.php?rest_route=\/wp\/v2\/types\/post"}],"author":[{"embeddable":true,"href":"https:\/\/elmensajeromx.com\/index.php?rest_route=\/wp\/v2\/users\/2"}],"replies":[{"embeddable":true,"href":"https:\/\/elmensajeromx.com\/index.php?rest_route=%2Fwp%2Fv2%2Fcomments&post=2927"}],"version-history":[{"count":1,"href":"https:\/\/elmensajeromx.com\/index.php?rest_route=\/wp\/v2\/posts\/2927\/revisions"}],"predecessor-version":[{"id":2929,"href":"https:\/\/elmensajeromx.com\/index.php?rest_route=\/wp\/v2\/posts\/2927\/revisions\/2929"}],"wp:featuredmedia":[{"embeddable":true,"href":"https:\/\/elmensajeromx.com\/index.php?rest_route=\/wp\/v2\/media\/2928"}],"wp:attachment":[{"href":"https:\/\/elmensajeromx.com\/index.php?rest_route=%2Fwp%2Fv2%2Fmedia&parent=2927"}],"wp:term":[{"taxonomy":"category","embeddable":true,"href":"https:\/\/elmensajeromx.com\/index.php?rest_route=%2Fwp%2Fv2%2Fcategories&post=2927"},{"taxonomy":"post_tag","embeddable":true,"href":"https:\/\/elmensajeromx.com\/index.php?rest_route=%2Fwp%2Fv2%2Ftags&post=2927"}],"curies":[{"name":"wp","href":"https:\/\/api.w.org\/{rel}","templated":true}]}}