{"id":2926,"date":"2026-04-28T01:33:20","date_gmt":"2026-04-28T01:33:20","guid":{"rendered":"https:\/\/elmensajeromx.com\/?p=2926"},"modified":"2026-04-28T01:33:20","modified_gmt":"2026-04-28T01:33:20","slug":"exhorta-alcaldesa-de-veracruz-a-cuidarse-ante-ola-de-calor","status":"publish","type":"post","link":"https:\/\/elmensajeromx.com\/?p=2926","title":{"rendered":"Exhorta alcaldesa de Veracruz a cuidarse ante ola de calor"},"content":{"rendered":"<p>La alcaldesa de Veracruz, Rosa Mar\u00eda Hern\u00e1ndez Espejo, exhorta a la poblaci\u00f3n a cuidarse ante el ambiente caluroso que prevalecer\u00e1 durante la semana, con temperaturas de hasta 38\u00b0C, mantenerse hidratados, evitar la exposici\u00f3n prolongada al sol y proteger especialmente a ni\u00f1as, ni\u00f1os, personas adultas mayores y poblaci\u00f3n vulnerable.<\/p>\n<p>Pide a la ciudadan\u00eda tomar precauciones para prevenir golpes de calor, utilizando ropa ligera y de colores claros, evitando actividades f\u00edsicas al aire libre en horas de mayor intensidad t\u00e9rmica, procurando permanecer en lugares frescos o ventilados para reducir riesgos a la salud.<\/p>\n<p>De igual forma, les recomienda mantenerse atentos a los avisos oficiales de Protecci\u00f3n Civil municipal, ya que hacia el fin de semana podr\u00eda presentarse un cambio en las condiciones del tiempo por la llegada de un frente fr\u00edo, con descenso de temperatura, viento del norte y probabilidad de lluvias.<\/p>\n<p>Tel\u00e9fonos de emergencia:<br \/>\n* Atenci\u00f3n de 8:00 a 18:00 horas: 229 200 2270, 229 200 2271<br \/>\n* Atenci\u00f3n 24 horas: 229 200 2275, 229 200 2276, 911<\/p>\n","protected":false},"excerpt":{"rendered":"<p>La alcaldesa de Veracruz, Rosa Mar\u00eda Hern\u00e1ndez Espejo, exhorta a la poblaci\u00f3n a cuidarse ante el ambiente caluroso que prevalecer\u00e1 durante la semana, con temperaturas de hasta 38\u00b0C, mantenerse hidratados, evitar la exposici\u00f3n prolongada al sol y proteger especialmente a ni\u00f1as, ni\u00f1os, personas adultas mayores y poblaci\u00f3n vulnerable. Pide a la ciudadan\u00eda tomar precauciones para [&hellip;]<\/p>\n","protected":false},"author":3,"featured_media":2935,"comment_status":"open","ping_status":"open","sticky":false,"template":"","format":"standard","meta":{"footnotes":""},"categories":[8,3,4],"tags":[],"class_list":{"0":"post-2926","1":"post","2":"type-post","3":"status-publish","4":"format-standard","5":"has-post-thumbnail","7":"category-ayuntamientos","8":"category-principal","9":"category-veracruz"},"_links":{"self":[{"href":"https:\/\/elmensajeromx.com\/index.php?rest_route=\/wp\/v2\/posts\/2926","targetHints":{"allow":["GET"]}}],"collection":[{"href":"https:\/\/elmensajeromx.com\/index.php?rest_route=\/wp\/v2\/posts"}],"about":[{"href":"https:\/\/elmensajeromx.com\/index.php?rest_route=\/wp\/v2\/types\/post"}],"author":[{"embeddable":true,"href":"https:\/\/elmensajeromx.com\/index.php?rest_route=\/wp\/v2\/users\/3"}],"replies":[{"embeddable":true,"href":"https:\/\/elmensajeromx.com\/index.php?rest_route=%2Fwp%2Fv2%2Fcomments&post=2926"}],"version-history":[{"count":1,"href":"https:\/\/elmensajeromx.com\/index.php?rest_route=\/wp\/v2\/posts\/2926\/revisions"}],"predecessor-version":[{"id":2936,"href":"https:\/\/elmensajeromx.com\/index.php?rest_route=\/wp\/v2\/posts\/2926\/revisions\/2936"}],"wp:featuredmedia":[{"embeddable":true,"href":"https:\/\/elmensajeromx.com\/index.php?rest_route=\/wp\/v2\/media\/2935"}],"wp:attachment":[{"href":"https:\/\/elmensajeromx.com\/index.php?rest_route=%2Fwp%2Fv2%2Fmedia&parent=2926"}],"wp:term":[{"taxonomy":"category","embeddable":true,"href":"https:\/\/elmensajeromx.com\/index.php?rest_route=%2Fwp%2Fv2%2Fcategories&post=2926"},{"taxonomy":"post_tag","embeddable":true,"href":"https:\/\/elmensajeromx.com\/index.php?rest_route=%2Fwp%2Fv2%2Ftags&post=2926"}],"curies":[{"name":"wp","href":"https:\/\/api.w.org\/{rel}","templated":true}]}}