{"id":2912,"date":"2026-04-27T18:27:38","date_gmt":"2026-04-27T18:27:38","guid":{"rendered":"https:\/\/elmensajeromx.com\/?p=2912"},"modified":"2026-04-27T18:27:38","modified_gmt":"2026-04-27T18:27:38","slug":"carpe-diem","status":"publish","type":"post","link":"https:\/\/elmensajeromx.com\/?p=2912","title":{"rendered":"CARPE DIEM"},"content":{"rendered":"<p><strong>Manolo Victorio<\/strong><\/p>\n<p><strong>Jalar agua (del R\u00edo Virgen) para el molino propio<\/strong><\/p>\n<p>Una diputada federal morenista \u2013cuyo nombre se omite a solicitud expresa\u2013 refiere que la actuaci\u00f3n del presidente de la Junta de Coordinaci\u00f3n Pol\u00edtica en San L\u00e1zaro, Ricardo Monreal \u00c1vila, es vigilada con lupa cada vez que hay sesi\u00f3n, y m\u00e1s a\u00fan, cuando se somete a votaci\u00f3n un asunto delicado.<\/p>\n<p>En Palacio Nacional no conf\u00edan en el zacatecano, sostiene la legisladora.<\/p>\n<p>Y es que el anuncio del nombramiento de Jos\u00e9 Manuel del R\u00edo Virgen, hace poco m\u00e1s de un a\u00f1o, como director de Control Interno y Evaluaci\u00f3n T\u00e9cnica de la Comisi\u00f3n de Vigilancia de la Auditor\u00eda Superior de la Federaci\u00f3n (ASF) de la C\u00e1mara de Diputados, no caus\u00f3 sorpresa, habida cuenta que lleg\u00f3 con el mecenazgo de Monreal.<\/p>\n<p>Antes, en esta pr\u00e1ctica perniciosa de la pol\u00edtica mexicana donde \u00abno hay hombre sin hombre\u00bb, el ex presidente de la Junta de Coordinaci\u00f3n Pol\u00edtica (Jucopo) del Senado de la Rep\u00fablica, Ricardo Monreal, lo hab\u00eda incrustado hace algunos a\u00f1os como Secretario T\u00e9cnico del Senado. Por eso cuando lleg\u00f3 a San L\u00e1zaro, tambi\u00e9n con Monreal, \u00fanicamente se confirm\u00f3 el estrecho v\u00ednculo entre el morenista y el emecista, algo que no sucede con subordinaci\u00f3n oficial de por medio en otra parte del pa\u00eds.<\/p>\n<p>En este apalancamiento pol\u00edtico tampoco extra\u00f1a que el principal operador de los ataques a Veracruz se llame Jos\u00e9 Manuel del R\u00edo Virgen, quien tuvo el descaro de buscar la candidatura al Gobierno del Estado por el partido naranja.<\/p>\n<p>As\u00ed, mientras ataca a Veracruz, el funcionario de la C\u00e1mara de Diputados se embolsa cada mes 114 mil pesos del erario, sin dejar de defender los colores de Movimiento Ciudadano, antes Convergencia, donde empez\u00f3 como miembro activo en 1989, abusando de la confianza de Dante Delgado y explotando a la militancia para jugar \u2013como lo hace hoy\u2013 tambi\u00e9n del lado de Morena.<\/p>\n<p>El recorrido por Jos\u00e9 Manuel del R\u00edo Virgen qued\u00f3 de manifiesto cuando fue detenido a finales del 2021 por el presunto homicidio del entonces candidato de MC a la alcald\u00eda de Cazones, Ren\u00e9 Tovar Tovar. Sin embargo, el asunto no se reduce al crimen, sino que en el norte del Estado las versiones confirman las ligas del servidor p\u00fablico gente de mala fama p\u00fablica.<\/p>\n<p>En otros municipios, el hilo llega hasta Jos\u00e9 Manuel del R\u00edo, lo que ha quedado de manifiesto en las candidaturas de municipios como Nanchital, donde el empresario Elvis Ventura tuvo que bajarse al reconocer que era inevitable su cercan\u00eda con el hampa. Otros casos similares son los de Tihuatl\u00e1n, Poza Rica, Tuxpan y J\u00e1ltipan, donde es evidente la reacci\u00f3n de la delincuencia a las detenciones de generadores de violencia que realiza el Estado.<\/p>\n<p>No se trata de que Del R\u00edo Virgen opere recursos para la quienes infrinjan la ley, tampoco que sea el cerebro financiero, a este sujeto le basta con la informaci\u00f3n que pueda obtener en un ente como la ASF para entonces cooptar y presionar en diversas dependencias o ayuntamientos.<\/p>\n<p>De esa manera, el c\u00edrculo se cierra entre informaci\u00f3n de primer nivel, criminales y poder p\u00fablico, sin contar que se mueve entre MC y Morena a la vez.<\/p>\n<p>La interrogante planteada es como Dante Delgado o el propio Jorge \u00c1lvarez M\u00e1ynez han dejado que este sujeto los rebase. Por un lado, a Dante lo ha aquejado de manera grave una enfermedad, mientras que M\u00e1ynez seguramente ha decidido abrirse totalmente de figuras como la de Jos\u00e9 Manuel del R\u00edo.<\/p>\n<p>Y mientras Ricardo Monreal cobija a Jos\u00e9 Manuel del R\u00edo, a la gobernadora veracruzana Roc\u00edo Nahle le ha tocado hacer frente a los ataques del Movimiento Ciudadano. A la titular del ejecutivo estatal no le tiembla la mano, ya conocemos su temple y su car\u00e1cter para no dejarse intimidar y defender a Veracruz, pero sobre todo responder con trabajo diario y resultados tangibles.<\/p>\n<p>Ah\u00ed est\u00e1n las detenciones de numerosas y extensas c\u00e9lulas delictivas en muchas partes de Veracruz, lo cual coincide con la respuesta, la venganza inmediata del hampa, que solo busca da\u00f1ar a los veracruzanos.<\/p>\n<p>La pregunta es, con todos esos antecedentes \u00bfen manos de qui\u00e9n esta los entes fiscalizadores y la responsabilidad legislativa en M\u00e9xico?<\/p>\n<p><strong><em>\u2026 de otro costal.<\/em><\/strong><\/p>\n<p>Transcurridos los primeros cien d\u00edas de administraci\u00f3n p\u00fablica municipal, la comunic\u00f3loga Rosa Mar\u00eda Hern\u00e1ndez Espejo parece que marida con habilidad circense los dichos con los hechos.<\/p>\n<p>Exhibir y actuar contra los abusadores del presupuesto p\u00fablico no fue solo un amago de campa\u00f1a.<\/p>\n<p>La alcaldesa de Veracruz avanza en el empedrado sendero del callej\u00f3n de los trancazos contra el Grupo Metropolitano de Agua y contra Wardenclyffe Veracruz Puerto S.A.P.I. de C.V, empresa de alumbrado p\u00fablica que se llevaba 16 millones de pesos al mes en un robo descarado ante la oscuridad que reina en el Puerto de Veracruz.<\/p>\n<p>El 16 de abril pasado, en asamblea popular celebrada en la colonia Las Amapolas, al rendir su informe de los primeros 100 d\u00edas de gobierno, Rosa Mar\u00eda demostr\u00f3 que sabe tomar al toro por los cuernos, que no se achaparra pol\u00edticamente ante estos dos monstruos creados por Ram\u00f3n Poo Gil (PRI) y Fernando Yunes M\u00e1rquez (PAN), antecesores en la presidencia municipal, quienes le dejaron sembradas estas dos bombas de tiempo como son Grupo MAS y Wardenclyffe Veracruz Puerto S.A.P.I. de C.V, respectivamente.<\/p>\n<p>En el primer caso, Grupo MAS ya est\u00e1 bajo la lupa del ORFIS tras la auditor\u00eda aprobada en cabildo y gestionada ante el Congreso del Estado, poniendo fin a la opacidad de una empresa extranjera que ha lucrado con una necesidad b\u00e1sica.<\/p>\n<p>En dos meses, el \u00d3rgano de Fiscalizaci\u00f3n Superior deber\u00e1 ofrecer un estado de las cosas en las auditor\u00edas realizadas a Grupo MAS, referentes a la inspecci\u00f3n de 181 instalaciones, entre plantas potabilizadoras, pozos, tanques elevados y plantas de tratamiento.<\/p>\n<p>El estudio implica tambi\u00e9n la revisi\u00f3n t\u00e9cnica y el muestreo de m\u00e1s de seis mil kil\u00f3metros de redes y alrededor de 250 mil tomas domiciliarias, incluyendo la evaluaci\u00f3n de calidad del agua y de la pol\u00edtica tarifaria aplicada por la empresa para determinar su apego a la normatividad y al derecho humano al agua.<\/p>\n<p>En el caso de Wardenclyffe, seg\u00fan cita la columnista Alejandra Herrera, en el lapso en que Fernando Yunes M\u00e1rquez se desempe\u00f1\u00f3 como alcalde de 2018 al 2021 esta empresa \u00abhabr\u00eda pasado de un contrato original de m\u00e1s o menos 600 millones de pesos a 2 mil 800 millones de pesos durante los 15 a\u00f1os que pretende seguir cobrando a los veracruzanos a pesar de mantener la ciudad a oscuras\u00bb.<\/p>\n<p>El negocio de Wardenclyffe se acab\u00f3 gracias a la requisa hecha por el cabildo porte\u00f1o.<\/p>\n<p>Los prestanombres de esta empresa, quienes tambi\u00e9n est\u00e1n detr\u00e1s del Foro Boca, dejar\u00e1n de percibir 16 millones de pesos mensuales.<\/p>\n<p>Se les termin\u00f3 el negocio.<\/p>\n<p>Rosa Mar\u00eda, tersa en las formas, aprieta con mano de hierro envuelta en guante de terciopelo. La alcaldesa morenista enfrenta el oscuro legado de las administraciones pasadas: un sistema de alumbrad p\u00fablico ineficiente y privatizado que dej\u00f3 a la ciudad en penumbras y un sistema de agua que solo sangra a los usuarios.<\/p>\n<p>La postura es firme y el mensaje directo para quienes se han beneficiado a costa del pueblo: para atr\u00e1s, ni para tomar impulso.<\/p>\n<p>A los saqueadores parece que se les termin\u00f3 la tanda y pronto, se les terminar\u00e1 la fiesta.<\/p>\n<p>S\u00f3lo faltar\u00edan la expulsi\u00f3n de los 51 recomendados de alto perfil que dej\u00f3 incrustados en la obesa n\u00f3mina municipal su antecesora Patricia Lobeira Rodr\u00edguez.<\/p>\n<p>Y claro est\u00e1, las denuncias penales para que el cr\u00e9dito a la palabra siga vigente entre el pueblo bueno.<\/p>\n<p><em>columnacarpediem@gmail.com<\/em><\/p>\n","protected":false},"excerpt":{"rendered":"<p>Manolo Victorio Jalar agua (del R\u00edo Virgen) para el molino propio Una diputada federal morenista \u2013cuyo nombre se omite a solicitud expresa\u2013 refiere que la actuaci\u00f3n del presidente de la Junta de Coordinaci\u00f3n Pol\u00edtica en San L\u00e1zaro, Ricardo Monreal \u00c1vila, es vigilada con lupa cada vez que hay sesi\u00f3n, y m\u00e1s a\u00fan, cuando se somete [&hellip;]<\/p>\n","protected":false},"author":2,"featured_media":2915,"comment_status":"open","ping_status":"open","sticky":false,"template":"","format":"standard","meta":{"footnotes":""},"categories":[6,3],"tags":[59],"class_list":{"0":"post-2912","1":"post","2":"type-post","3":"status-publish","4":"format-standard","5":"has-post-thumbnail","7":"category-opinion","8":"category-principal","9":"tag-manolovictorio-carpediem-opinion-veracruz-mexico-elmundo"},"_links":{"self":[{"href":"https:\/\/elmensajeromx.com\/index.php?rest_route=\/wp\/v2\/posts\/2912","targetHints":{"allow":["GET"]}}],"collection":[{"href":"https:\/\/elmensajeromx.com\/index.php?rest_route=\/wp\/v2\/posts"}],"about":[{"href":"https:\/\/elmensajeromx.com\/index.php?rest_route=\/wp\/v2\/types\/post"}],"author":[{"embeddable":true,"href":"https:\/\/elmensajeromx.com\/index.php?rest_route=\/wp\/v2\/users\/2"}],"replies":[{"embeddable":true,"href":"https:\/\/elmensajeromx.com\/index.php?rest_route=%2Fwp%2Fv2%2Fcomments&post=2912"}],"version-history":[{"count":1,"href":"https:\/\/elmensajeromx.com\/index.php?rest_route=\/wp\/v2\/posts\/2912\/revisions"}],"predecessor-version":[{"id":2916,"href":"https:\/\/elmensajeromx.com\/index.php?rest_route=\/wp\/v2\/posts\/2912\/revisions\/2916"}],"wp:featuredmedia":[{"embeddable":true,"href":"https:\/\/elmensajeromx.com\/index.php?rest_route=\/wp\/v2\/media\/2915"}],"wp:attachment":[{"href":"https:\/\/elmensajeromx.com\/index.php?rest_route=%2Fwp%2Fv2%2Fmedia&parent=2912"}],"wp:term":[{"taxonomy":"category","embeddable":true,"href":"https:\/\/elmensajeromx.com\/index.php?rest_route=%2Fwp%2Fv2%2Fcategories&post=2912"},{"taxonomy":"post_tag","embeddable":true,"href":"https:\/\/elmensajeromx.com\/index.php?rest_route=%2Fwp%2Fv2%2Ftags&post=2912"}],"curies":[{"name":"wp","href":"https:\/\/api.w.org\/{rel}","templated":true}]}}