{"id":2911,"date":"2026-04-27T18:24:40","date_gmt":"2026-04-27T18:24:40","guid":{"rendered":"https:\/\/elmensajeromx.com\/?p=2911"},"modified":"2026-04-27T18:24:40","modified_gmt":"2026-04-27T18:24:40","slug":"fge-logra-imputacion-contra-tres-presuntos-implicados-en-el-delito-de-violacion-agravada-se-les-dicta-prision-preventiva-oficiosa","status":"publish","type":"post","link":"https:\/\/elmensajeromx.com\/?p=2911","title":{"rendered":"FGE logra imputaci\u00f3n contra tres presuntos implicados en el delito de violaci\u00f3n agravada: se les dicta prisi\u00f3n preventiva oficiosa"},"content":{"rendered":"<p>Xalapa, Ver., 27 de abril 2026.- Como resultado de <strong>acciones operativas y de investigaci\u00f3n,<\/strong> elementos de la <strong>Polic\u00eda Ministerial <\/strong>adscritos a la <strong>Fiscal\u00eda Coordinadora Especializada en Delitos Contra las Mujeres, Feminicidio, Familia y Trata de Personas,<\/strong> ejecutaron una <strong>orden de aprehensi\u00f3n <\/strong>en contra de <strong>Eduardo \u201cN\u201d, Juan \u201cN\u201d y Cornelio \u201cN\u201d, <\/strong>se\u00f1alados como <strong>presuntos responsables del delito de violaci\u00f3n agravada.<\/strong><\/p>\n<p>En seguimiento a estas acciones, las <strong>personas detenidas<\/strong> fueron <strong>puestas a disposici\u00f3n del \u00f3rgano jurisdiccional <\/strong>correspondiente y se llev\u00f3 a cabo la audiencia inicial. En dicha audiencia, el <strong>juez legaliz\u00f3 la detenci\u00f3n<\/strong> y la <strong>Fiscal\u00eda formul\u00f3 la imputaci\u00f3n correspondiente.<\/strong><\/p>\n<p>De acuerdo con la investigaci\u00f3n, los hechos ocurrieron el <strong>27 de enero del 2026 <\/strong>en un predio de la<strong> comunidad Ejido Cabada<\/strong>, lugar donde Eduardo \u201cN\u201d presuntamente cometi\u00f3 el il\u00edcito en contra de la v\u00edctima, quien habr\u00eda sido sometida con la participaci\u00f3n de Juan \u201cN\u201d y Cornelio \u201cN\u201d.<\/p>\n<p>En ese sentido, la <strong>autoridad judicial dict\u00f3 la medida cautelar de prisi\u00f3n preventiva oficiosa,<\/strong> dentro del <strong>proceso penal 78\/2026.<\/strong><\/p>\n<p>La <strong>Fiscal\u00eda General del Estado contin\u00faa trabajando con firmeza en la procuraci\u00f3n de justicia, garantizando que el delito de violaci\u00f3n agravada sea sancionado conforme a derecho para brindar certeza y seguridad a la sociedad<\/strong>.<\/p>\n<p>&nbsp;<\/p>\n","protected":false},"excerpt":{"rendered":"<p>Xalapa, Ver., 27 de abril 2026.- Como resultado de acciones operativas y de investigaci\u00f3n, elementos de la Polic\u00eda Ministerial adscritos a la Fiscal\u00eda Coordinadora Especializada en Delitos Contra las Mujeres, Feminicidio, Familia y Trata de Personas, ejecutaron una orden de aprehensi\u00f3n en contra de Eduardo \u201cN\u201d, Juan \u201cN\u201d y Cornelio \u201cN\u201d, se\u00f1alados como presuntos responsables [&hellip;]<\/p>\n","protected":false},"author":3,"featured_media":2913,"comment_status":"open","ping_status":"open","sticky":false,"template":"","format":"standard","meta":{"footnotes":""},"categories":[3],"tags":[],"class_list":{"0":"post-2911","1":"post","2":"type-post","3":"status-publish","4":"format-standard","5":"has-post-thumbnail","7":"category-principal"},"_links":{"self":[{"href":"https:\/\/elmensajeromx.com\/index.php?rest_route=\/wp\/v2\/posts\/2911","targetHints":{"allow":["GET"]}}],"collection":[{"href":"https:\/\/elmensajeromx.com\/index.php?rest_route=\/wp\/v2\/posts"}],"about":[{"href":"https:\/\/elmensajeromx.com\/index.php?rest_route=\/wp\/v2\/types\/post"}],"author":[{"embeddable":true,"href":"https:\/\/elmensajeromx.com\/index.php?rest_route=\/wp\/v2\/users\/3"}],"replies":[{"embeddable":true,"href":"https:\/\/elmensajeromx.com\/index.php?rest_route=%2Fwp%2Fv2%2Fcomments&post=2911"}],"version-history":[{"count":1,"href":"https:\/\/elmensajeromx.com\/index.php?rest_route=\/wp\/v2\/posts\/2911\/revisions"}],"predecessor-version":[{"id":2914,"href":"https:\/\/elmensajeromx.com\/index.php?rest_route=\/wp\/v2\/posts\/2911\/revisions\/2914"}],"wp:featuredmedia":[{"embeddable":true,"href":"https:\/\/elmensajeromx.com\/index.php?rest_route=\/wp\/v2\/media\/2913"}],"wp:attachment":[{"href":"https:\/\/elmensajeromx.com\/index.php?rest_route=%2Fwp%2Fv2%2Fmedia&parent=2911"}],"wp:term":[{"taxonomy":"category","embeddable":true,"href":"https:\/\/elmensajeromx.com\/index.php?rest_route=%2Fwp%2Fv2%2Fcategories&post=2911"},{"taxonomy":"post_tag","embeddable":true,"href":"https:\/\/elmensajeromx.com\/index.php?rest_route=%2Fwp%2Fv2%2Ftags&post=2911"}],"curies":[{"name":"wp","href":"https:\/\/api.w.org\/{rel}","templated":true}]}}