{"id":2905,"date":"2026-04-27T17:42:55","date_gmt":"2026-04-27T17:42:55","guid":{"rendered":"https:\/\/elmensajeromx.com\/?p=2905"},"modified":"2026-04-27T17:42:55","modified_gmt":"2026-04-27T17:42:55","slug":"proteccion-civil-xalapa-emite-recomendaciones-para-prevenir-riesgos-a-la-salud-ante-la-ola-de-calor","status":"publish","type":"post","link":"https:\/\/elmensajeromx.com\/?p=2905","title":{"rendered":"Protecci\u00f3n Civil Xalapa emite recomendaciones para prevenir riesgos a la salud ante la ola de calor"},"content":{"rendered":"<p>La Direcci\u00f3n de Protecci\u00f3n Civil del Ayuntamiento de Xalapa emiti\u00f3 un aviso preventivo ante el incremento de temperaturas previsto del 27 de abril al 1 de mayo, periodo en el que se esperan valores superiores a los 30 grados Celsius.<\/p>\n<p>Autoridades de la dependencia refieren que estas condiciones atmosf\u00e9ricas provocar\u00e1n una sensaci\u00f3n t\u00e9rmica elevada, por lo que se exhorta a tomar medidas preventivas para evitar afectaciones como deshidrataci\u00f3n, insolaci\u00f3n, golpe de calor y otros problemas de salud.<\/p>\n<p>Entre las principales recomendaciones se encuentran beber suficiente agua en el transcurso del d\u00eda, evitar la exposici\u00f3n directa al sol entre las 11:00 y las 16:00 horas, as\u00ed como utilizar sombrilla, sombrero, bloqueador solar y ropa ligera que permita la transpiraci\u00f3n.<\/p>\n<p>Asimismo, se sugiere que las personas que realizan actividades al aire libre o en espacios descubiertos se hidraten cada 30 minutos y tomen descansos de al menos 10 minutos cada dos horas para refrescarse.<\/p>\n<p>La dependencia tambi\u00e9n hizo un llamado especial de atenci\u00f3n a grupos vulnerables como ni\u00f1as y ni\u00f1os, personas adultas mayores, personas con discapacidad y aquellas que requieren cuidados de terceros, ya que son m\u00e1s propensas a sufrir complicaciones por el calor.<\/p>\n<p>De igual forma, se recomienda garantizar agua y sombra suficiente para los animales de compa\u00f1\u00eda y de producci\u00f3n.<\/p>\n<p>El Ayuntamiento reitera que la prevenci\u00f3n es fundamental para proteger la salud de la poblaci\u00f3n, por lo que exhorta a seguir estas recomendaciones durante los pr\u00f3ximos d\u00edas.<\/p>\n","protected":false},"excerpt":{"rendered":"<p>La Direcci\u00f3n de Protecci\u00f3n Civil del Ayuntamiento de Xalapa emiti\u00f3 un aviso preventivo ante el incremento de temperaturas previsto del 27 de abril al 1 de mayo, periodo en el que se esperan valores superiores a los 30 grados Celsius. Autoridades de la dependencia refieren que estas condiciones atmosf\u00e9ricas provocar\u00e1n una sensaci\u00f3n t\u00e9rmica elevada, por [&hellip;]<\/p>\n","protected":false},"author":3,"featured_media":2906,"comment_status":"open","ping_status":"open","sticky":false,"template":"","format":"standard","meta":{"footnotes":""},"categories":[8,3],"tags":[],"class_list":{"0":"post-2905","1":"post","2":"type-post","3":"status-publish","4":"format-standard","5":"has-post-thumbnail","7":"category-ayuntamientos","8":"category-principal"},"_links":{"self":[{"href":"https:\/\/elmensajeromx.com\/index.php?rest_route=\/wp\/v2\/posts\/2905","targetHints":{"allow":["GET"]}}],"collection":[{"href":"https:\/\/elmensajeromx.com\/index.php?rest_route=\/wp\/v2\/posts"}],"about":[{"href":"https:\/\/elmensajeromx.com\/index.php?rest_route=\/wp\/v2\/types\/post"}],"author":[{"embeddable":true,"href":"https:\/\/elmensajeromx.com\/index.php?rest_route=\/wp\/v2\/users\/3"}],"replies":[{"embeddable":true,"href":"https:\/\/elmensajeromx.com\/index.php?rest_route=%2Fwp%2Fv2%2Fcomments&post=2905"}],"version-history":[{"count":1,"href":"https:\/\/elmensajeromx.com\/index.php?rest_route=\/wp\/v2\/posts\/2905\/revisions"}],"predecessor-version":[{"id":2907,"href":"https:\/\/elmensajeromx.com\/index.php?rest_route=\/wp\/v2\/posts\/2905\/revisions\/2907"}],"wp:featuredmedia":[{"embeddable":true,"href":"https:\/\/elmensajeromx.com\/index.php?rest_route=\/wp\/v2\/media\/2906"}],"wp:attachment":[{"href":"https:\/\/elmensajeromx.com\/index.php?rest_route=%2Fwp%2Fv2%2Fmedia&parent=2905"}],"wp:term":[{"taxonomy":"category","embeddable":true,"href":"https:\/\/elmensajeromx.com\/index.php?rest_route=%2Fwp%2Fv2%2Fcategories&post=2905"},{"taxonomy":"post_tag","embeddable":true,"href":"https:\/\/elmensajeromx.com\/index.php?rest_route=%2Fwp%2Fv2%2Ftags&post=2905"}],"curies":[{"name":"wp","href":"https:\/\/api.w.org\/{rel}","templated":true}]}}