{"id":2846,"date":"2026-04-27T17:03:39","date_gmt":"2026-04-27T17:03:39","guid":{"rendered":"https:\/\/elmensajeromx.com\/?p=2846"},"modified":"2026-04-27T17:03:39","modified_gmt":"2026-04-27T17:03:39","slug":"alamo-se-recobra-en-unidad-y-alegria-pepe-arenas","status":"publish","type":"post","link":"https:\/\/elmensajeromx.com\/?p=2846","title":{"rendered":"\u00c1lamo se recobra en unidad y alegr\u00eda: Pepe Arenas\u00a0"},"content":{"rendered":"<p>** El alcalde inaugura la excepcional Feria de la Naranja 2026, ante una asistencia masiva.<\/p>\n<p>** La Feria no es un negocio, es una inversi\u00f3n para la recuperaci\u00f3n econ\u00f3mica del comercio.<\/p>\n<p>** El municipio avanza en la reconstrucci\u00f3n de su infraestructura y en el aspecto emocional.<\/p>\n<p>\u00c1LAMO, VER.- En un ambiente festivo, lleno del entusiasmo de miles de asistentes, el presidente municipal Jos\u00e9 Roberto Arenas Mart\u00ednez inaugur\u00f3 anoche la Feria de la Naranja 2026, y llam\u00f3 a todo los alamenses a disfrutar, celebrar y sonre\u00edr porque \u00c1lamo est\u00e1 unido y de pie.<\/p>\n<p>\u201cEsta fiesta es de ustedes. Hoy no venimos s\u00f3lo a inaugurar una Feria, venimos a celebrar que estamos de pie. Y cuando este pueblo est\u00e1 de pie, no hay nada que lo detenga\u201d, enfatiz\u00f3 visiblemente emocionado, acompa\u00f1ado de su esposa Norma Edith Bustos de Arenas y de ediles del Ayuntamiento.<\/p>\n<p>La reconstrucci\u00f3n de la alegr\u00eda arranc\u00f3 muy de ma\u00f1ana con la tradicional cabalgata en la que participaron m\u00e1s de 600 jinetes de diversos municipios de la regi\u00f3n norte del estado, y cuyo recorrido despert\u00f3 admiraci\u00f3n y j\u00fabilo entre los habitantes de las localidades por las que pas\u00f3 el numeroso contingente.<\/p>\n<p>Por la noche, durante el acto inaugural, Pepe Arenas subray\u00f3 que a diferencia de administraciones anteriores en esta ocasi\u00f3n no hay zona VIP en el Teatro del Pueblo, \u201cporque la zona VIP son ustedes\u2026\u201d, reafirm\u00f3.<\/p>\n<p>Destac\u00f3 que en la contingencia de octubre de 2025 hubo momentos dif\u00edciles para todos, \u201cque nos pusieron a pruebas, que nos dolieron, pero que tambi\u00e9n nos unieron m\u00e1s que nunca\u201d, agreg\u00f3.<\/p>\n<p>\u201cHoy estamos aqu\u00ed, porque este pueblo no se rinde, este pueblo se levanta y cuando se levanta lo hace en unidad. Esta Feria no es s\u00f3lo una celebraci\u00f3n, es un s\u00edmbolo, es la prueba de que s\u00ed se puede, s\u00ed se puede volver a sonre\u00edr, s\u00ed se puede volver a disfrutar\u2026\u201d, sostuvo.<\/p>\n<p>Luego, en entrevista, Pepe Arenas resalt\u00f3 que el enfoque de la Feria es la reactivaci\u00f3n econ\u00f3mica para fortalecer al comercio que result\u00f3 afectado por las inundaciones, por lo que \u201cesta Feria de la Naranja no es un negocio del ayuntamiento, es una inversi\u00f3n para reconstruir la econom\u00eda local\u201d, apunt\u00f3.<\/p>\n<p>No pudo dejar de reconocer el invaluable apoyo de la gobernadora Roc\u00edo Nahle y el de la presidenta Claudia Sheinbaum para reconstruir el municipio, pues gracias a eso se realizan diversas acciones para recuperar la ciudad y las comunidades.<\/p>\n<p>M\u00e1s tarde, ya en el escenario del Teatro del Pueblo, Pepe Arenas y su esposa Norma Edith coronaron a la nueva soberana de la Feria de la Naranja 2026, Sof\u00eda Aranza Cardenete Hern\u00e1ndez.<\/p>\n<p>Antes hab\u00eda recorrido el estand de la exposici\u00f3n ganadera, donde el sector expone ganado de registro para el mejoramiento gen\u00e9tico, y visit\u00f3 diverso locales comerciales instalados.<\/p>\n<p>El primer d\u00eda de Feria culmin\u00f3 con la presentaci\u00f3n del cantante Espinoza Paz, un referente nacional e internacional de la m\u00fasica regional mexicana, y quien atrajo miles de asistentes a la gran fiesta del municipio.<\/p>\n<p>Pepe Arenas precis\u00f3 que este extraordinario evento que durar\u00e1 hasta el pr\u00f3ximo 3 de mayo est\u00e1 dise\u00f1ado para desarrollarse en paz y seguridad, pues en coordinaci\u00f3n con todas las dependencias del gobierno federal y del estado, se ha establecido una estrategia que garantiza la tranquilidad de los visitantes.<\/p>\n<p>La cartelera art\u00edstica para esta noche marca la presentaci\u00f3n de los exponentes del reguet\u00f3n mexicano El Bogueto y Cuadro Mexa, que seguramente pondr\u00e1n a cantar y bailar a todos los j\u00f3venes que gustan de este g\u00e9nero musical.<\/p>\n<p><a href=\"https:\/\/hoyxalapa.com\/wp-content\/uploads\/2026\/04\/WhatsApp-Image-2026-04-26-at-17.31.58.jpeg\"><img loading=\"lazy\" decoding=\"async\" class=\"alignleft size-full wp-image-301957\" src=\"https:\/\/hoyxalapa.com\/wp-content\/uploads\/2026\/04\/WhatsApp-Image-2026-04-26-at-17.31.58.jpeg\" alt=\"\" width=\"1600\" height=\"1200\" \/><\/a> <a href=\"https:\/\/hoyxalapa.com\/wp-content\/uploads\/2026\/04\/WhatsApp-Image-2026-04-26-at-17.31.59-1.jpeg\"><img loading=\"lazy\" decoding=\"async\" class=\"alignleft size-full wp-image-301958\" src=\"https:\/\/hoyxalapa.com\/wp-content\/uploads\/2026\/04\/WhatsApp-Image-2026-04-26-at-17.31.59-1.jpeg\" alt=\"\" width=\"1600\" height=\"1200\" \/><\/a> <a href=\"https:\/\/hoyxalapa.com\/wp-content\/uploads\/2026\/04\/WhatsApp-Image-2026-04-26-at-17.31.59-2.jpeg\"><img loading=\"lazy\" decoding=\"async\" class=\"alignleft size-full wp-image-301959\" src=\"https:\/\/hoyxalapa.com\/wp-content\/uploads\/2026\/04\/WhatsApp-Image-2026-04-26-at-17.31.59-2.jpeg\" alt=\"\" width=\"1600\" height=\"1200\" \/><\/a> <a href=\"https:\/\/hoyxalapa.com\/wp-content\/uploads\/2026\/04\/WhatsApp-Image-2026-04-26-at-17.31.59.jpeg\"><img loading=\"lazy\" decoding=\"async\" class=\"alignleft size-full wp-image-301960\" src=\"https:\/\/hoyxalapa.com\/wp-content\/uploads\/2026\/04\/WhatsApp-Image-2026-04-26-at-17.31.59.jpeg\" alt=\"\" width=\"1600\" height=\"1200\" \/><\/a> <a href=\"https:\/\/hoyxalapa.com\/wp-content\/uploads\/2026\/04\/WhatsApp-Image-2026-04-26-at-17.32.00-1.jpeg\"><img loading=\"lazy\" decoding=\"async\" class=\"alignleft size-full wp-image-301961\" src=\"https:\/\/hoyxalapa.com\/wp-content\/uploads\/2026\/04\/WhatsApp-Image-2026-04-26-at-17.32.00-1.jpeg\" alt=\"\" width=\"1600\" height=\"1200\" \/><\/a> <a href=\"https:\/\/hoyxalapa.com\/wp-content\/uploads\/2026\/04\/WhatsApp-Image-2026-04-26-at-17.32.00-2.jpeg\"><img loading=\"lazy\" decoding=\"async\" class=\"alignleft size-full wp-image-301962\" src=\"https:\/\/hoyxalapa.com\/wp-content\/uploads\/2026\/04\/WhatsApp-Image-2026-04-26-at-17.32.00-2.jpeg\" alt=\"\" width=\"1600\" height=\"1200\" \/><\/a> <a href=\"https:\/\/hoyxalapa.com\/wp-content\/uploads\/2026\/04\/WhatsApp-Image-2026-04-26-at-17.32.00.jpeg\"><img loading=\"lazy\" decoding=\"async\" class=\"alignleft size-full wp-image-301963\" src=\"https:\/\/hoyxalapa.com\/wp-content\/uploads\/2026\/04\/WhatsApp-Image-2026-04-26-at-17.32.00.jpeg\" alt=\"\" width=\"1600\" height=\"1200\" \/><\/a><\/p>\n","protected":false},"excerpt":{"rendered":"<p>** El alcalde inaugura la excepcional Feria de la Naranja 2026, ante una asistencia masiva. ** La Feria no es un negocio, es una inversi\u00f3n para la recuperaci\u00f3n econ\u00f3mica del comercio. ** El municipio avanza en la reconstrucci\u00f3n de su infraestructura y en el aspecto emocional. \u00c1LAMO, VER.- En un ambiente festivo, lleno del entusiasmo [&hellip;]<\/p>\n","protected":false},"author":2,"featured_media":2847,"comment_status":"open","ping_status":"open","sticky":false,"template":"","format":"standard","meta":{"footnotes":""},"categories":[3,4],"tags":[37],"class_list":{"0":"post-2846","1":"post","2":"type-post","3":"status-publish","4":"format-standard","5":"has-post-thumbnail","7":"category-principal","8":"category-veracruz","9":"tag-pepearenas-alamotemapache-veracruz"},"_links":{"self":[{"href":"https:\/\/elmensajeromx.com\/index.php?rest_route=\/wp\/v2\/posts\/2846","targetHints":{"allow":["GET"]}}],"collection":[{"href":"https:\/\/elmensajeromx.com\/index.php?rest_route=\/wp\/v2\/posts"}],"about":[{"href":"https:\/\/elmensajeromx.com\/index.php?rest_route=\/wp\/v2\/types\/post"}],"author":[{"embeddable":true,"href":"https:\/\/elmensajeromx.com\/index.php?rest_route=\/wp\/v2\/users\/2"}],"replies":[{"embeddable":true,"href":"https:\/\/elmensajeromx.com\/index.php?rest_route=%2Fwp%2Fv2%2Fcomments&post=2846"}],"version-history":[{"count":1,"href":"https:\/\/elmensajeromx.com\/index.php?rest_route=\/wp\/v2\/posts\/2846\/revisions"}],"predecessor-version":[{"id":2848,"href":"https:\/\/elmensajeromx.com\/index.php?rest_route=\/wp\/v2\/posts\/2846\/revisions\/2848"}],"wp:featuredmedia":[{"embeddable":true,"href":"https:\/\/elmensajeromx.com\/index.php?rest_route=\/wp\/v2\/media\/2847"}],"wp:attachment":[{"href":"https:\/\/elmensajeromx.com\/index.php?rest_route=%2Fwp%2Fv2%2Fmedia&parent=2846"}],"wp:term":[{"taxonomy":"category","embeddable":true,"href":"https:\/\/elmensajeromx.com\/index.php?rest_route=%2Fwp%2Fv2%2Fcategories&post=2846"},{"taxonomy":"post_tag","embeddable":true,"href":"https:\/\/elmensajeromx.com\/index.php?rest_route=%2Fwp%2Fv2%2Ftags&post=2846"}],"curies":[{"name":"wp","href":"https:\/\/api.w.org\/{rel}","templated":true}]}}