{"id":2835,"date":"2026-04-26T20:06:09","date_gmt":"2026-04-26T20:06:09","guid":{"rendered":"https:\/\/elmensajeromx.com\/?p=2835"},"modified":"2026-04-26T20:07:36","modified_gmt":"2026-04-26T20:07:36","slug":"muelle-1-3","status":"publish","type":"post","link":"https:\/\/elmensajeromx.com\/?p=2835","title":{"rendered":"MUELLE 1"},"content":{"rendered":"<p><strong>El T-MEC movido<\/strong><\/p>\n<p><strong>Por Carlos Duayhe Villase\u00f1or<\/strong><\/p>\n<p>Ser\u00e1 el pr\u00f3ximo 1 de julio cuando est\u00e1 prevista \u2013si antes no ocurre algo- la junta obligatoria de evaluaci\u00f3n del\u00a0\u00a0tratado comercial entre\u00a0\u00a0M\u00e9xico, Estados Unidos y Canad\u00e1 (T-MEC).<\/p>\n<p>Es un asunto de evidente relevancia econ\u00f3mica; sin embargo, por las circunstancias cambiantes que enfrenta el orbe, se\u00a0\u00a0ha convertido al mismo tiempo de riesgosa observancia pol\u00edtica, toda vez que las relaciones entre Estados Unidos y Canad\u00e1 andan pr\u00f3ximas a los cero grados Celsius y con M\u00e9xico m\u00e1s fr\u00edo que calor.<\/p>\n<p>Est\u00e1 anunciada una reuni\u00f3n previa bilateral con Estados Unidos a finales del mes de mayo y quiz\u00e1\u00a0\u00a0otra\u00a0\u00a0en Washington en junio,\u00a0\u00a0en donde se analizar\u00e1n, entre otros temas, la reducci\u00f3n de aranceles a la industria automotriz, acero y aluminio .<\/p>\n<p>Esto queda m\u00e1s que claro luego de la visita del representante comercial estadounidense, Jamieson Greer, a la Ciudad de M\u00e9xico, en donde sostuvo reuniones con el secretario de Econom\u00eca, Marcelo Ebrard y una en Palacio Nacional con la presidenta Claudia Sheinbaum.<\/p>\n<p>El se\u00f1or Greer fue muy claro al advertir que el libre comercio de las \u00faltimas tres d\u00e9cadas pasa a la historia y que al presidente Donald Trump le agradan, as\u00ed, tan claro como el agua, los aranceles.<\/p>\n<p>Vaya que el secretario de Econom\u00eda, Marcelo Ebrard -quien la misma semana anterior present\u00f3\u00a0\u00a0su equipo de asistentes a las negociaciones de revisi\u00f3n del tratado- ha insistido considerar una reducci\u00f3n a los aranceles que est\u00e1n afectando los sectores claves automotriz, acero y aluminio en sus exportaciones.<\/p>\n<p>(Hay la posibilidad de reducir esos aranceles tanto para M\u00e9xico y Canad\u00e1 -del 50 por ciento al 25 por ciento- si ambas naciones, se\u00f1ala Estados Unidos, si\u00a0\u00a0aumentan sus inversiones, eso s\u00ed, en su territorio, seg\u00fan se anunci\u00f3 este viernes pasado).<\/p>\n<p>As\u00ed que Marcelo Ebrard anda m\u00e1s que apurado hacia el cumplimiento de los objetivos del gobierno federal con el T-MEC, de primera importancia en el crecimiento y desarrollo del pa\u00eds.<\/p>\n<p>Al mismo tiempo ve alejarse sus preclaras intenciones de estar siquiera en la parte media de las encuestas hacia la sucesi\u00f3n presidencial luego de gestionar en su calidad de secretario de Relaciones Exteriores, que uno de sus hijos quedara, durante la pandemia del Covid, en calidad de hu\u00e9sped honorario de la embajada de M\u00e9xico en Londres, durante seis meses, por lo cual hay una acta administrativa en curso.<\/p>\n<p>Atraques<\/p>\n<p>1.\u00a0\u00a0\u00a0\u00a0\u00a0En materia ambiental hay un enorme trecho por hacer en el pa\u00eds, en sus r\u00edos, mares, tratamiento de desechos industriales, tratamiento de basuras, campa\u00f1as intensas preventivas, por trabajo no hay fin.<\/p>\n<p>2.\u00a0\u00a0\u00a0\u00a0\u00a0Y no olvidar el derrame de crudo en el Golfo de M\u00e9xico y atender las necesidades ambientales en superficie y arrecifes, atenci\u00f3n a pescadores y comunidades pr\u00f3ximas de las playas afectadas, desde Campeche a Tamaulipas.<\/p>\n<p>3.\u00a0\u00a0\u00a0\u00a0\u00a0Un orgullo la entrega del Premio Cervantes 2025 el escritor, maestro de la UNAM, Gonzalo Celorio,\u00a0\u00a0de manos del rey de Espa\u00f1a Felipe VI. De paso saludos al escritor Mauricio Carrera, quien fue parte del jurado.<\/p>\n","protected":false},"excerpt":{"rendered":"<p>El T-MEC movido Por Carlos Duayhe Villase\u00f1or Ser\u00e1 el pr\u00f3ximo 1 de julio cuando est\u00e1 prevista \u2013si antes no ocurre algo- la junta obligatoria de evaluaci\u00f3n del\u00a0\u00a0tratado comercial entre\u00a0\u00a0M\u00e9xico, Estados Unidos y Canad\u00e1 (T-MEC). Es un asunto de evidente relevancia econ\u00f3mica; sin embargo, por las circunstancias cambiantes que enfrenta el orbe, se\u00a0\u00a0ha convertido al mismo [&hellip;]<\/p>\n","protected":false},"author":2,"featured_media":2370,"comment_status":"open","ping_status":"open","sticky":false,"template":"","format":"standard","meta":{"footnotes":""},"categories":[5,6,4],"tags":[53],"class_list":{"0":"post-2835","1":"post","2":"type-post","3":"status-publish","4":"format-standard","5":"has-post-thumbnail","7":"category-congreso-del-estado","8":"category-opinion","9":"category-veracruz","10":"tag-muelle1-carlosalbertoduayhevillasenor-columna-opinion"},"_links":{"self":[{"href":"https:\/\/elmensajeromx.com\/index.php?rest_route=\/wp\/v2\/posts\/2835","targetHints":{"allow":["GET"]}}],"collection":[{"href":"https:\/\/elmensajeromx.com\/index.php?rest_route=\/wp\/v2\/posts"}],"about":[{"href":"https:\/\/elmensajeromx.com\/index.php?rest_route=\/wp\/v2\/types\/post"}],"author":[{"embeddable":true,"href":"https:\/\/elmensajeromx.com\/index.php?rest_route=\/wp\/v2\/users\/2"}],"replies":[{"embeddable":true,"href":"https:\/\/elmensajeromx.com\/index.php?rest_route=%2Fwp%2Fv2%2Fcomments&post=2835"}],"version-history":[{"count":1,"href":"https:\/\/elmensajeromx.com\/index.php?rest_route=\/wp\/v2\/posts\/2835\/revisions"}],"predecessor-version":[{"id":2836,"href":"https:\/\/elmensajeromx.com\/index.php?rest_route=\/wp\/v2\/posts\/2835\/revisions\/2836"}],"wp:featuredmedia":[{"embeddable":true,"href":"https:\/\/elmensajeromx.com\/index.php?rest_route=\/wp\/v2\/media\/2370"}],"wp:attachment":[{"href":"https:\/\/elmensajeromx.com\/index.php?rest_route=%2Fwp%2Fv2%2Fmedia&parent=2835"}],"wp:term":[{"taxonomy":"category","embeddable":true,"href":"https:\/\/elmensajeromx.com\/index.php?rest_route=%2Fwp%2Fv2%2Fcategories&post=2835"},{"taxonomy":"post_tag","embeddable":true,"href":"https:\/\/elmensajeromx.com\/index.php?rest_route=%2Fwp%2Fv2%2Ftags&post=2835"}],"curies":[{"name":"wp","href":"https:\/\/api.w.org\/{rel}","templated":true}]}}