{"id":2825,"date":"2026-04-25T05:20:38","date_gmt":"2026-04-25T05:20:38","guid":{"rendered":"https:\/\/elmensajeromx.com\/?p=2825"},"modified":"2026-04-25T05:20:38","modified_gmt":"2026-04-25T05:20:38","slug":"la-de-alamo-sera-una-feria-inedita-e-historica-pepe-arenas","status":"publish","type":"post","link":"https:\/\/elmensajeromx.com\/?p=2825","title":{"rendered":"La de \u00c1lamo ser\u00e1 una feria in\u00e9dita e hist\u00f3rica: Pepe Arenas"},"content":{"rendered":"<p>** La seguridad est\u00e1 garantizada para todos; habr\u00e1 coordinaci\u00f3n con autoridades de los tres niveles de gobierno.<\/p>\n<p>** El sector ganadero agradece las facilidades de la autoridad municipal para fortalecer la actividad pecuaria.<\/p>\n<p>\u00c1LAMO, VER.- Con un programa general que promete entretenimiento, diversi\u00f3n y alegr\u00eda para reconstruir la salud emocional de los alamenses, la tradicional Feria de la Naranja 2026 ser\u00e1 in\u00e9dita e hist\u00f3rica por su cartelera art\u00edstica de primer nivel, las diversas exposiciones de sectores productivos y por las expresiones culturales y de identidad huasteca que tendr\u00e1n lugar.<\/p>\n<p>El gran evento anual, por instrucciones del presidente municipal Jos\u00e9 Roberto Arenas Mart\u00ednez, ser\u00e1 resguardado por las fuerzas del orden de los tres niveles de gobierno, mediante la instalaci\u00f3n de filtros de seguridad y de revisi\u00f3n en los accesos al recinto ferial y con recorridos en las instalaciones, para prevenir la comisi\u00f3n de alg\u00fan delito.<\/p>\n<p>Adem\u00e1s, se instalar\u00e1n unidades de salud y de emergencia para atender a los asistentes en alg\u00fan caso dado, y para culminar as\u00ed con saldo blanco, pues se estima el arribo de miles de visitantes que dejar\u00e1n una importante derrama econ\u00f3mica.<\/p>\n<p>En este sentido, el regidor noveno del Ayuntamiento, comisionado en Polic\u00eda y Prevenci\u00f3n del Delito, Jos\u00e9 Luis Batalla Vallejo, pidi\u00f3 a la ciudadan\u00eda en general tener paciencia por las molestias que ocasionen esos filtros, y colaborar con los elementos del orden p\u00fablico para que cumplan con su trabajo.<\/p>\n<p>La buena organizaci\u00f3n y coordinaci\u00f3n de la feria ha sido reconocida por la Asociaci\u00f3n Ganadera Local, cuyo presidente, Alfredo Reyes S\u00e1nchez, agradeci\u00f3 al alcalde Pepe Arenas por las facilidades al sector pecuario para participar en las actividades de la fiesta del pueblo.<\/p>\n<p>Subray\u00f3 que este trabajo conjunto con el gobierno municipal fortalece al sector ganadero, e inform\u00f3 que la exposici\u00f3n de ganado que se montar\u00e1 durante la feria es subsidiada con recursos municipales, para beneficiar tanto al comprador como al vendedor.<\/p>\n<p>Acompa\u00f1ado del secretario del organismo pecuario, Enrique Alamilla Melo, agradeci\u00f3 tambi\u00e9n a Pepe Arenas por enviar la Mesa de Certificaci\u00f3n a las instalaciones de la AGL, lo que les facilita dar una mejor atenci\u00f3n a los socios ganaderos.<\/p>\n<p>Por su lado, Alamilla Melo felicit\u00f3 a Pepe Arenas por el marat\u00f3nico trabajo de reconstrucci\u00f3n del municipio, algo importante y trascendental que nadie imaginaba.<\/p>\n<p>La feria de la reconstrucci\u00f3n iniciar\u00e1 este s\u00e1bado 25 de abril con la Cabalgata de la Alegr\u00eda que arrancar\u00e1 a las ocho de la ma\u00f1ana desde la localidad Vara Alta, para hacer recorrido de alrededor de 20 kil\u00f3metros hasta llegar a las instalaciones feriales. A este evento se espera la participaci\u00f3n de m\u00e1s de 500 jinetes de toda la regi\u00f3n.<\/p>\n<p>Por la noche, la cartelera art\u00edstica dar\u00e1 inicio con el primer concierto musical: la presentaci\u00f3n del cantante Espinoza Paz, al que se espera el arribo de miles de sus fans.<\/p>\n<p>El programa general contempla tambi\u00e9n un foro citr\u00edcola para el d\u00eda 28, y actividades como el pabell\u00f3n agropecuario con exposiciones de ganado de registro y comercial, as\u00ed como de equinos y diversos animales como conejos, borregos, gallinas, peces, abejas.<\/p>\n<p>Habr\u00e1 un \u00e1rea para que ni\u00f1os interact\u00faen con animales, para que aprendan y se diviertan, mientras que apicultores ense\u00f1ar\u00e1n la importancia de las abejas en la citricultura y se instalar\u00e1 una exposici\u00f3n de maquinaria agr\u00edcola y de productos del campo.<\/p>\n","protected":false},"excerpt":{"rendered":"<p>** La seguridad est\u00e1 garantizada para todos; habr\u00e1 coordinaci\u00f3n con autoridades de los tres niveles de gobierno. ** El sector ganadero agradece las facilidades de la autoridad municipal para fortalecer la actividad pecuaria. \u00c1LAMO, VER.- Con un programa general que promete entretenimiento, diversi\u00f3n y alegr\u00eda para reconstruir la salud emocional de los alamenses, la tradicional [&hellip;]<\/p>\n","protected":false},"author":2,"featured_media":2826,"comment_status":"open","ping_status":"open","sticky":false,"template":"","format":"standard","meta":{"footnotes":""},"categories":[3,4],"tags":[37],"class_list":{"0":"post-2825","1":"post","2":"type-post","3":"status-publish","4":"format-standard","5":"has-post-thumbnail","7":"category-principal","8":"category-veracruz","9":"tag-pepearenas-alamotemapache-veracruz"},"_links":{"self":[{"href":"https:\/\/elmensajeromx.com\/index.php?rest_route=\/wp\/v2\/posts\/2825","targetHints":{"allow":["GET"]}}],"collection":[{"href":"https:\/\/elmensajeromx.com\/index.php?rest_route=\/wp\/v2\/posts"}],"about":[{"href":"https:\/\/elmensajeromx.com\/index.php?rest_route=\/wp\/v2\/types\/post"}],"author":[{"embeddable":true,"href":"https:\/\/elmensajeromx.com\/index.php?rest_route=\/wp\/v2\/users\/2"}],"replies":[{"embeddable":true,"href":"https:\/\/elmensajeromx.com\/index.php?rest_route=%2Fwp%2Fv2%2Fcomments&post=2825"}],"version-history":[{"count":1,"href":"https:\/\/elmensajeromx.com\/index.php?rest_route=\/wp\/v2\/posts\/2825\/revisions"}],"predecessor-version":[{"id":2827,"href":"https:\/\/elmensajeromx.com\/index.php?rest_route=\/wp\/v2\/posts\/2825\/revisions\/2827"}],"wp:featuredmedia":[{"embeddable":true,"href":"https:\/\/elmensajeromx.com\/index.php?rest_route=\/wp\/v2\/media\/2826"}],"wp:attachment":[{"href":"https:\/\/elmensajeromx.com\/index.php?rest_route=%2Fwp%2Fv2%2Fmedia&parent=2825"}],"wp:term":[{"taxonomy":"category","embeddable":true,"href":"https:\/\/elmensajeromx.com\/index.php?rest_route=%2Fwp%2Fv2%2Fcategories&post=2825"},{"taxonomy":"post_tag","embeddable":true,"href":"https:\/\/elmensajeromx.com\/index.php?rest_route=%2Fwp%2Fv2%2Ftags&post=2825"}],"curies":[{"name":"wp","href":"https:\/\/api.w.org\/{rel}","templated":true}]}}