{"id":2824,"date":"2026-04-27T15:16:59","date_gmt":"2026-04-27T15:16:59","guid":{"rendered":"https:\/\/elmensajeromx.com\/?p=2824"},"modified":"2026-04-27T15:16:59","modified_gmt":"2026-04-27T15:16:59","slug":"ayuntamiento-de-veracruz-alista-gran-festejo-para-celebrar-el-dia-del-nino-y-la-nina","status":"publish","type":"post","link":"https:\/\/elmensajeromx.com\/?p=2824","title":{"rendered":"Ayuntamiento de Veracruz alista gran festejo para celebrar el D\u00eda del Ni\u00f1o y la Ni\u00f1a"},"content":{"rendered":"<ul>\n<li>Desfile de globoflexia y concierto de la Orquesta Moscovita de la UV para el disfrute de la ni\u00f1ez veracruzana.<\/li>\n<\/ul>\n<p>El Ayuntamiento de Veracruz y el DIF Municipal festejar\u00e1n este 30 de abril a la ni\u00f1ez de la ciudad en una tarde de convivencia familiar y alegr\u00eda, en un evento pensado para reconocer la importancia de las ni\u00f1as y los ni\u00f1os y promover espacios de sana recreaci\u00f3n para las familias veracruzanas.<\/p>\n<p>El gobierno municipal invita a la ciudadan\u00eda a sumarse a este festejo que busca generar momentos de convivencia y esparcimiento, fortaleciendo la uni\u00f3n familiar y el disfrute de los espacios p\u00fablicos en un ambiente seguro y accesible para todas y todos.<\/p>\n<p>Las actividades inician con un desfile de globoflexia sobre la avenida Independencia desde el Tranv\u00eda del Recuerdo a partir de las 17:30 horas, donde se presentar\u00e1n figuras creativas y un recorrido lleno de color por el Centro Hist\u00f3rico que dar\u00e1 inicio a la jornada festiva.<\/p>\n<p>Posteriormente, el concierto did\u00e1ctico de la Orquesta Moscovita de la Universidad Veracruzana (UV) en el Z\u00f3calo porte\u00f1o a las 19:00 horas permitir\u00e1 a las familias disfrutar del talento art\u00edstico, en una oportunidad \u00fanica para las y los peque\u00f1os aprendan sobre m\u00fasica en forma divertida.<\/p>\n","protected":false},"excerpt":{"rendered":"<p>Desfile de globoflexia y concierto de la Orquesta Moscovita de la UV para el disfrute de la ni\u00f1ez veracruzana. El Ayuntamiento de Veracruz y el DIF Municipal festejar\u00e1n este 30 de abril a la ni\u00f1ez de la ciudad en una tarde de convivencia familiar y alegr\u00eda, en un evento pensado para reconocer la importancia de [&hellip;]<\/p>\n","protected":false},"author":3,"featured_media":2844,"comment_status":"open","ping_status":"open","sticky":false,"template":"","format":"standard","meta":{"footnotes":""},"categories":[8,3,4],"tags":[],"class_list":{"0":"post-2824","1":"post","2":"type-post","3":"status-publish","4":"format-standard","5":"has-post-thumbnail","7":"category-ayuntamientos","8":"category-principal","9":"category-veracruz"},"_links":{"self":[{"href":"https:\/\/elmensajeromx.com\/index.php?rest_route=\/wp\/v2\/posts\/2824","targetHints":{"allow":["GET"]}}],"collection":[{"href":"https:\/\/elmensajeromx.com\/index.php?rest_route=\/wp\/v2\/posts"}],"about":[{"href":"https:\/\/elmensajeromx.com\/index.php?rest_route=\/wp\/v2\/types\/post"}],"author":[{"embeddable":true,"href":"https:\/\/elmensajeromx.com\/index.php?rest_route=\/wp\/v2\/users\/3"}],"replies":[{"embeddable":true,"href":"https:\/\/elmensajeromx.com\/index.php?rest_route=%2Fwp%2Fv2%2Fcomments&post=2824"}],"version-history":[{"count":1,"href":"https:\/\/elmensajeromx.com\/index.php?rest_route=\/wp\/v2\/posts\/2824\/revisions"}],"predecessor-version":[{"id":2843,"href":"https:\/\/elmensajeromx.com\/index.php?rest_route=\/wp\/v2\/posts\/2824\/revisions\/2843"}],"wp:featuredmedia":[{"embeddable":true,"href":"https:\/\/elmensajeromx.com\/index.php?rest_route=\/wp\/v2\/media\/2844"}],"wp:attachment":[{"href":"https:\/\/elmensajeromx.com\/index.php?rest_route=%2Fwp%2Fv2%2Fmedia&parent=2824"}],"wp:term":[{"taxonomy":"category","embeddable":true,"href":"https:\/\/elmensajeromx.com\/index.php?rest_route=%2Fwp%2Fv2%2Fcategories&post=2824"},{"taxonomy":"post_tag","embeddable":true,"href":"https:\/\/elmensajeromx.com\/index.php?rest_route=%2Fwp%2Fv2%2Ftags&post=2824"}],"curies":[{"name":"wp","href":"https:\/\/api.w.org\/{rel}","templated":true}]}}