{"id":2659,"date":"2026-04-23T02:41:12","date_gmt":"2026-04-23T02:41:12","guid":{"rendered":"https:\/\/elmensajeromx.com\/?p=2659"},"modified":"2026-04-23T02:41:12","modified_gmt":"2026-04-23T02:41:12","slug":"se-van-dos-alcaldes-mas-del-pt-a-morena-vicente-aguilar-los-acusa-de-ingratitud-y-traicion","status":"publish","type":"post","link":"https:\/\/elmensajeromx.com\/?p=2659","title":{"rendered":"Se van dos alcaldes m\u00e1s del PT a Morena; Vicente Aguilar los acusa de ingratitud y traici\u00f3n"},"content":{"rendered":"<p data-start=\"1641\" data-end=\"1907\">Xalapa, Ver.- Los alcaldes de Chacaltianguis y Yecuatla, Akciel Jamir Torrecilla y Rolando Jim\u00e9nez P\u00e9rez, dejaron las filas del Partido del Trabajo para sumarse a Morena, una decisi\u00f3n que provoc\u00f3 duras cr\u00edticas del dirigente estatal petista, Vicente Aguilar Aguilar.<\/p>\n<p data-start=\"1909\" data-end=\"2053\">El l\u00edder del PT acus\u00f3 a ambos ediles de actuar con ingratitud y traicionar al partido que los impuls\u00f3 pol\u00edticamente para alcanzar las alcald\u00edas.<\/p>\n<p data-start=\"2055\" data-end=\"2195\">Incluso advirti\u00f3 que tambi\u00e9n fueron desleales con quienes votaron por ellos y sostuvo que esa decisi\u00f3n podr\u00eda tener consecuencias pol\u00edticas.<\/p>\n<p data-start=\"2197\" data-end=\"2366\">La adhesi\u00f3n fue presumida en redes sociales por el dirigente morenista Esteban Ram\u00edrez Zepeta, quien destac\u00f3 que Morena contin\u00faa sumando cuadros desde distintos frentes.<\/p>\n<p data-start=\"2368\" data-end=\"2562\">Con estos nuevos movimientos ya son siete presidentes municipales surgidos del PT que han migrado a Morena desde la elecci\u00f3n municipal de 2025, profundizando el reacomodo entre partidos aliados.<\/p>\n<p data-start=\"2564\" data-end=\"2711\" data-is-last-node=\"\" data-is-only-node=\"\">La salida de alcaldes petistas ha generado fricciones al interior de la coalici\u00f3n gobernante, mientras contin\u00faan los ajustes pol\u00edticos en Veracruz.<\/p>\n","protected":false},"excerpt":{"rendered":"<p>Xalapa, Ver.- Los alcaldes de Chacaltianguis y Yecuatla, Akciel Jamir Torrecilla y Rolando Jim\u00e9nez P\u00e9rez, dejaron las filas del Partido del Trabajo para sumarse a Morena, una decisi\u00f3n que provoc\u00f3 duras cr\u00edticas del dirigente estatal petista, Vicente Aguilar Aguilar. El l\u00edder del PT acus\u00f3 a ambos ediles de actuar con ingratitud y traicionar al partido [&hellip;]<\/p>\n","protected":false},"author":3,"featured_media":2660,"comment_status":"open","ping_status":"open","sticky":false,"template":"","format":"standard","meta":{"footnotes":""},"categories":[3],"tags":[],"class_list":{"0":"post-2659","1":"post","2":"type-post","3":"status-publish","4":"format-standard","5":"has-post-thumbnail","7":"category-principal"},"_links":{"self":[{"href":"https:\/\/elmensajeromx.com\/index.php?rest_route=\/wp\/v2\/posts\/2659","targetHints":{"allow":["GET"]}}],"collection":[{"href":"https:\/\/elmensajeromx.com\/index.php?rest_route=\/wp\/v2\/posts"}],"about":[{"href":"https:\/\/elmensajeromx.com\/index.php?rest_route=\/wp\/v2\/types\/post"}],"author":[{"embeddable":true,"href":"https:\/\/elmensajeromx.com\/index.php?rest_route=\/wp\/v2\/users\/3"}],"replies":[{"embeddable":true,"href":"https:\/\/elmensajeromx.com\/index.php?rest_route=%2Fwp%2Fv2%2Fcomments&post=2659"}],"version-history":[{"count":1,"href":"https:\/\/elmensajeromx.com\/index.php?rest_route=\/wp\/v2\/posts\/2659\/revisions"}],"predecessor-version":[{"id":2661,"href":"https:\/\/elmensajeromx.com\/index.php?rest_route=\/wp\/v2\/posts\/2659\/revisions\/2661"}],"wp:featuredmedia":[{"embeddable":true,"href":"https:\/\/elmensajeromx.com\/index.php?rest_route=\/wp\/v2\/media\/2660"}],"wp:attachment":[{"href":"https:\/\/elmensajeromx.com\/index.php?rest_route=%2Fwp%2Fv2%2Fmedia&parent=2659"}],"wp:term":[{"taxonomy":"category","embeddable":true,"href":"https:\/\/elmensajeromx.com\/index.php?rest_route=%2Fwp%2Fv2%2Fcategories&post=2659"},{"taxonomy":"post_tag","embeddable":true,"href":"https:\/\/elmensajeromx.com\/index.php?rest_route=%2Fwp%2Fv2%2Ftags&post=2659"}],"curies":[{"name":"wp","href":"https:\/\/api.w.org\/{rel}","templated":true}]}}