{"id":2656,"date":"2026-04-23T02:34:13","date_gmt":"2026-04-23T02:34:13","guid":{"rendered":"https:\/\/elmensajeromx.com\/?p=2656"},"modified":"2026-04-23T02:34:13","modified_gmt":"2026-04-23T02:34:13","slug":"sheinbaum-suma-a-luisa-maria-alcalde-a-su-gabinete-deja-dirigencia-nacional-de-morena","status":"publish","type":"post","link":"https:\/\/elmensajeromx.com\/?p=2656","title":{"rendered":"Sheinbaum suma a Luisa Mar\u00eda Alcalde a su gabinete; deja dirigencia nacional de Morena"},"content":{"rendered":"<p data-start=\"1800\" data-end=\"2077\">Ciudad de M\u00e9xico.- Luisa Mar\u00eda Alcalde dejar\u00e1 la presidencia nacional de Morena para integrarse al gobierno de Claudia Sheinbaum como nueva consejera jur\u00eddica de la Presidencia, en un movimiento que marca un reacomodo tanto en el gabinete federal como en el partido gobernante.<\/p>\n<p data-start=\"2079\" data-end=\"2236\">La propia Alcalde confirm\u00f3 su salida tras aceptar la invitaci\u00f3n de la presidenta para asumir el cargo que qued\u00f3 vacante luego de la salida de Esthela Dami\u00e1n.<\/p>\n<p data-start=\"2238\" data-end=\"2374\">Desde esa posici\u00f3n, tendr\u00e1 un papel clave en asuntos legales y constitucionales ligados a decisiones estrat\u00e9gicas del Ejecutivo federal.<\/p>\n<p data-start=\"2376\" data-end=\"2540\">El ajuste tambi\u00e9n abre una nueva etapa dentro de Morena, donde se anticipan movimientos en la estructura interna para definir el relevo en la dirigencia partidista.<\/p>\n<p data-start=\"2542\" data-end=\"2701\">Sheinbaum habr\u00eda valorado la trayectoria pol\u00edtica y formaci\u00f3n jur\u00eddica de Alcalde para integrarla a un espacio de influencia directa en la agenda presidencial.<\/p>\n<p data-start=\"2703\" data-end=\"2885\">La exdirigente morenista ha ocupado cargos como secretaria del Trabajo, titular de Gobernaci\u00f3n y ahora pasa a una responsabilidad considerada estrat\u00e9gica dentro del gobierno federal.<\/p>\n<p data-start=\"2887\" data-end=\"3047\" data-is-last-node=\"\" data-is-only-node=\"\">El cambio forma parte de una cadena de ajustes pol\u00edticos que buscan fortalecer posiciones clave y reordenar funciones rumbo a los pr\u00f3ximos desaf\u00edos electorales.<\/p>\n","protected":false},"excerpt":{"rendered":"<p>Ciudad de M\u00e9xico.- Luisa Mar\u00eda Alcalde dejar\u00e1 la presidencia nacional de Morena para integrarse al gobierno de Claudia Sheinbaum como nueva consejera jur\u00eddica de la Presidencia, en un movimiento que marca un reacomodo tanto en el gabinete federal como en el partido gobernante. La propia Alcalde confirm\u00f3 su salida tras aceptar la invitaci\u00f3n de la [&hellip;]<\/p>\n","protected":false},"author":3,"featured_media":2657,"comment_status":"open","ping_status":"open","sticky":false,"template":"","format":"standard","meta":{"footnotes":""},"categories":[3],"tags":[],"class_list":{"0":"post-2656","1":"post","2":"type-post","3":"status-publish","4":"format-standard","5":"has-post-thumbnail","7":"category-principal"},"_links":{"self":[{"href":"https:\/\/elmensajeromx.com\/index.php?rest_route=\/wp\/v2\/posts\/2656","targetHints":{"allow":["GET"]}}],"collection":[{"href":"https:\/\/elmensajeromx.com\/index.php?rest_route=\/wp\/v2\/posts"}],"about":[{"href":"https:\/\/elmensajeromx.com\/index.php?rest_route=\/wp\/v2\/types\/post"}],"author":[{"embeddable":true,"href":"https:\/\/elmensajeromx.com\/index.php?rest_route=\/wp\/v2\/users\/3"}],"replies":[{"embeddable":true,"href":"https:\/\/elmensajeromx.com\/index.php?rest_route=%2Fwp%2Fv2%2Fcomments&post=2656"}],"version-history":[{"count":1,"href":"https:\/\/elmensajeromx.com\/index.php?rest_route=\/wp\/v2\/posts\/2656\/revisions"}],"predecessor-version":[{"id":2658,"href":"https:\/\/elmensajeromx.com\/index.php?rest_route=\/wp\/v2\/posts\/2656\/revisions\/2658"}],"wp:featuredmedia":[{"embeddable":true,"href":"https:\/\/elmensajeromx.com\/index.php?rest_route=\/wp\/v2\/media\/2657"}],"wp:attachment":[{"href":"https:\/\/elmensajeromx.com\/index.php?rest_route=%2Fwp%2Fv2%2Fmedia&parent=2656"}],"wp:term":[{"taxonomy":"category","embeddable":true,"href":"https:\/\/elmensajeromx.com\/index.php?rest_route=%2Fwp%2Fv2%2Fcategories&post=2656"},{"taxonomy":"post_tag","embeddable":true,"href":"https:\/\/elmensajeromx.com\/index.php?rest_route=%2Fwp%2Fv2%2Ftags&post=2656"}],"curies":[{"name":"wp","href":"https:\/\/api.w.org\/{rel}","templated":true}]}}