{"id":2651,"date":"2026-04-23T02:26:53","date_gmt":"2026-04-23T02:26:53","guid":{"rendered":"https:\/\/elmensajeromx.com\/?p=2651"},"modified":"2026-04-23T02:26:53","modified_gmt":"2026-04-23T02:26:53","slug":"sev-reconoce-a-educadoras-por-su-labor-en-la-primera-infancia","status":"publish","type":"post","link":"https:\/\/elmensajeromx.com\/?p=2651","title":{"rendered":"SEV reconoce a educadoras por su labor en la primera infancia"},"content":{"rendered":"<p><strong>Xalapa, Ver., mi\u00e9rcoles 22 de abril de 2026.-<\/strong> En el marco del D\u00eda de la Educadora y del Educador, celebrado el 21 de abril, la Secretar\u00eda de Educaci\u00f3n de Veracruz (SEV) reconoci\u00f3 la labor de quienes contribuyen a la formaci\u00f3n inicial de ni\u00f1as y ni\u00f1os, destacando su papel como base del desarrollo educativo y social.<\/p>\n<p>En el auditorio Sebasti\u00e1n Lerdo de Tejada del Congreso del Estado, la secretaria de Educaci\u00f3n, Claudia Tello Espinosa, encabez\u00f3 la entrega de reconocimientos a docentes por sus m\u00e9ritos y trayectoria, acompa\u00f1ada por el presidente de la Comisi\u00f3n Permanente de Educaci\u00f3n y Cultura de la LXVII Legislatura, diputado Jos\u00e9 Reveriano Mar\u00edn Hern\u00e1ndez.<\/p>\n<p>Subray\u00f3 que la educaci\u00f3n inicial y preescolar constituye el cimiento del trayecto formativo, al incidir directamente en la construcci\u00f3n de la identidad, la ciudadan\u00eda y el sentido de pertenencia.<\/p>\n<p>En este contexto, afirm\u00f3 que la Nueva Escuela Mexicana revalora este nivel educativo desde una visi\u00f3n humanista, inclusiva y comunitaria, al reconocer que no puede haber transformaci\u00f3n educativa sin fortalecer la atenci\u00f3n a la primera infancia.<\/p>\n<p>\u201cLas pol\u00edticas educativas contempor\u00e1neas reconocen con claridad que no puede haber transformaci\u00f3n educativa real sin fortalecer la primera infancia\u201d.<\/p>\n<p>Como parte del evento, se rindi\u00f3 homenaje a 26 educadoras que han ocupado cargos directivos en la Direcci\u00f3n General de Educaci\u00f3n Inicial y Preescolar, por su contribuci\u00f3n al fortalecimiento institucional y al impulso de pol\u00edticas educativas; de ellas, diez recibieron reconocimiento de manos de la secretaria.<\/p>\n<p>Asimismo, autoridades inauguraron una exposici\u00f3n fotogr\u00e1fica titulada Autoridades educativas de la educaci\u00f3n preescolar en Veracruz 1912-2024, instalada en un \u00e1rea contigua al auditorio, que muestra el acervo hist\u00f3rico y la evoluci\u00f3n de la Direcci\u00f3n General de Educaci\u00f3n Inicial y Preescolar.<\/p>\n<p>La directora general de Educaci\u00f3n Inicial y Preescolar, Patricia Iris Viveros Acosta, reiter\u00f3 el compromiso de consolidar este nivel como un espacio digno y visible, colocando a ni\u00f1as y ni\u00f1os en el centro de las decisiones educativas.<\/p>\n<p><img loading=\"lazy\" decoding=\"async\" class=\"alignnone size-large wp-image-2653\" src=\"https:\/\/elmensajeromx.com\/wp-content\/uploads\/2026\/04\/WhatsApp-Image-2026-04-22-at-20.20.55-2-1024x682.jpeg\" alt=\"\" width=\"696\" height=\"464\" srcset=\"https:\/\/elmensajeromx.com\/wp-content\/uploads\/2026\/04\/WhatsApp-Image-2026-04-22-at-20.20.55-2-1024x682.jpeg 1024w, https:\/\/elmensajeromx.com\/wp-content\/uploads\/2026\/04\/WhatsApp-Image-2026-04-22-at-20.20.55-2-300x200.jpeg 300w, https:\/\/elmensajeromx.com\/wp-content\/uploads\/2026\/04\/WhatsApp-Image-2026-04-22-at-20.20.55-2-768x512.jpeg 768w, https:\/\/elmensajeromx.com\/wp-content\/uploads\/2026\/04\/WhatsApp-Image-2026-04-22-at-20.20.55-2-630x420.jpeg 630w, https:\/\/elmensajeromx.com\/wp-content\/uploads\/2026\/04\/WhatsApp-Image-2026-04-22-at-20.20.55-2-150x100.jpeg 150w, https:\/\/elmensajeromx.com\/wp-content\/uploads\/2026\/04\/WhatsApp-Image-2026-04-22-at-20.20.55-2-696x464.jpeg 696w, https:\/\/elmensajeromx.com\/wp-content\/uploads\/2026\/04\/WhatsApp-Image-2026-04-22-at-20.20.55-2-1068x712.jpeg 1068w, https:\/\/elmensajeromx.com\/wp-content\/uploads\/2026\/04\/WhatsApp-Image-2026-04-22-at-20.20.55-2.jpeg 1280w\" sizes=\"auto, (max-width: 696px) 100vw, 696px\" \/> <img loading=\"lazy\" decoding=\"async\" class=\"alignnone size-large wp-image-2652\" src=\"https:\/\/elmensajeromx.com\/wp-content\/uploads\/2026\/04\/WhatsApp-Image-2026-04-22-at-20.20.55-1-1024x682.jpeg\" alt=\"\" width=\"696\" height=\"464\" srcset=\"https:\/\/elmensajeromx.com\/wp-content\/uploads\/2026\/04\/WhatsApp-Image-2026-04-22-at-20.20.55-1-1024x682.jpeg 1024w, https:\/\/elmensajeromx.com\/wp-content\/uploads\/2026\/04\/WhatsApp-Image-2026-04-22-at-20.20.55-1-300x200.jpeg 300w, https:\/\/elmensajeromx.com\/wp-content\/uploads\/2026\/04\/WhatsApp-Image-2026-04-22-at-20.20.55-1-768x512.jpeg 768w, https:\/\/elmensajeromx.com\/wp-content\/uploads\/2026\/04\/WhatsApp-Image-2026-04-22-at-20.20.55-1-630x420.jpeg 630w, https:\/\/elmensajeromx.com\/wp-content\/uploads\/2026\/04\/WhatsApp-Image-2026-04-22-at-20.20.55-1-150x100.jpeg 150w, https:\/\/elmensajeromx.com\/wp-content\/uploads\/2026\/04\/WhatsApp-Image-2026-04-22-at-20.20.55-1-696x464.jpeg 696w, https:\/\/elmensajeromx.com\/wp-content\/uploads\/2026\/04\/WhatsApp-Image-2026-04-22-at-20.20.55-1-1068x712.jpeg 1068w, https:\/\/elmensajeromx.com\/wp-content\/uploads\/2026\/04\/WhatsApp-Image-2026-04-22-at-20.20.55-1.jpeg 1280w\" sizes=\"auto, (max-width: 696px) 100vw, 696px\" \/><\/p>\n","protected":false},"excerpt":{"rendered":"<p>Xalapa, Ver., mi\u00e9rcoles 22 de abril de 2026.- En el marco del D\u00eda de la Educadora y del Educador, celebrado el 21 de abril, la Secretar\u00eda de Educaci\u00f3n de Veracruz (SEV) reconoci\u00f3 la labor de quienes contribuyen a la formaci\u00f3n inicial de ni\u00f1as y ni\u00f1os, destacando su papel como base del desarrollo educativo y social. [&hellip;]<\/p>\n","protected":false},"author":3,"featured_media":2654,"comment_status":"open","ping_status":"open","sticky":false,"template":"","format":"standard","meta":{"footnotes":""},"categories":[3],"tags":[],"class_list":{"0":"post-2651","1":"post","2":"type-post","3":"status-publish","4":"format-standard","5":"has-post-thumbnail","7":"category-principal"},"_links":{"self":[{"href":"https:\/\/elmensajeromx.com\/index.php?rest_route=\/wp\/v2\/posts\/2651","targetHints":{"allow":["GET"]}}],"collection":[{"href":"https:\/\/elmensajeromx.com\/index.php?rest_route=\/wp\/v2\/posts"}],"about":[{"href":"https:\/\/elmensajeromx.com\/index.php?rest_route=\/wp\/v2\/types\/post"}],"author":[{"embeddable":true,"href":"https:\/\/elmensajeromx.com\/index.php?rest_route=\/wp\/v2\/users\/3"}],"replies":[{"embeddable":true,"href":"https:\/\/elmensajeromx.com\/index.php?rest_route=%2Fwp%2Fv2%2Fcomments&post=2651"}],"version-history":[{"count":1,"href":"https:\/\/elmensajeromx.com\/index.php?rest_route=\/wp\/v2\/posts\/2651\/revisions"}],"predecessor-version":[{"id":2655,"href":"https:\/\/elmensajeromx.com\/index.php?rest_route=\/wp\/v2\/posts\/2651\/revisions\/2655"}],"wp:featuredmedia":[{"embeddable":true,"href":"https:\/\/elmensajeromx.com\/index.php?rest_route=\/wp\/v2\/media\/2654"}],"wp:attachment":[{"href":"https:\/\/elmensajeromx.com\/index.php?rest_route=%2Fwp%2Fv2%2Fmedia&parent=2651"}],"wp:term":[{"taxonomy":"category","embeddable":true,"href":"https:\/\/elmensajeromx.com\/index.php?rest_route=%2Fwp%2Fv2%2Fcategories&post=2651"},{"taxonomy":"post_tag","embeddable":true,"href":"https:\/\/elmensajeromx.com\/index.php?rest_route=%2Fwp%2Fv2%2Ftags&post=2651"}],"curies":[{"name":"wp","href":"https:\/\/api.w.org\/{rel}","templated":true}]}}