{"id":2423,"date":"2026-04-20T20:04:46","date_gmt":"2026-04-20T20:04:46","guid":{"rendered":"https:\/\/elmensajeromx.com\/?p=2423"},"modified":"2026-04-20T20:04:46","modified_gmt":"2026-04-20T20:04:46","slug":"sin-maestros-desde-marzo-padres-de-familia-toman-primaria-en-yanga","status":"publish","type":"post","link":"https:\/\/elmensajeromx.com\/?p=2423","title":{"rendered":"Sin maestros desde marzo, padres de familia toman primaria en Yanga"},"content":{"rendered":"<p data-start=\"1404\" data-end=\"1653\">Yanga, Ver.- Cansados de esperar, padres y madres de familia de la Escuela Primaria Jos\u00e9 Mar\u00eda Morelos y Pav\u00f3n, en San Francisco Las Mesillas, decidieron tomar el plantel para exigir la llegada de maestros para los grupos de primero y segundo grado.<\/p>\n<p data-start=\"1655\" data-end=\"1783\">Desde el pasado 10 de marzo, las y los alumnos no cuentan con docente, lo que ha provocado que lleven varias semanas sin clases.<\/p>\n<p data-start=\"1785\" data-end=\"1949\">Los manifestantes se\u00f1alaron que entienden que existen tr\u00e1mites administrativos, pero consideran injusto que sus hijos sean los afectados por la falta de soluciones.<\/p>\n<p data-start=\"1951\" data-end=\"2084\">Tambi\u00e9n acusaron que, a pesar de haber solicitado apoyo a las autoridades educativas, hasta ahora no han obtenido respuesta concreta.<\/p>\n<p data-start=\"2086\" data-end=\"2253\">Por ello, exigieron la asignaci\u00f3n inmediata de maestros y advirtieron que podr\u00edan endurecer sus protestas, incluso con un paro total, si no se atiende la problem\u00e1tica.<\/p>\n<p data-start=\"2255\" data-end=\"2339\" data-is-last-node=\"\" data-is-only-node=\"\">\u201cNuestros hijos merecen atenci\u00f3n y educaci\u00f3n digna de manera inmediata\u201d, expresaron.<\/p>\n<p data-start=\"2255\" data-end=\"2339\" data-is-last-node=\"\" data-is-only-node=\"\"><img loading=\"lazy\" decoding=\"async\" class=\"alignnone size-large wp-image-2425\" src=\"https:\/\/elmensajeromx.com\/wp-content\/uploads\/2026\/04\/WhatsApp-Image-2026-04-20-at-12.33.50-770x1024.jpeg\" alt=\"\" width=\"696\" height=\"926\" srcset=\"https:\/\/elmensajeromx.com\/wp-content\/uploads\/2026\/04\/WhatsApp-Image-2026-04-20-at-12.33.50-770x1024.jpeg 770w, https:\/\/elmensajeromx.com\/wp-content\/uploads\/2026\/04\/WhatsApp-Image-2026-04-20-at-12.33.50-226x300.jpeg 226w, https:\/\/elmensajeromx.com\/wp-content\/uploads\/2026\/04\/WhatsApp-Image-2026-04-20-at-12.33.50-768x1021.jpeg 768w, https:\/\/elmensajeromx.com\/wp-content\/uploads\/2026\/04\/WhatsApp-Image-2026-04-20-at-12.33.50-316x420.jpeg 316w, https:\/\/elmensajeromx.com\/wp-content\/uploads\/2026\/04\/WhatsApp-Image-2026-04-20-at-12.33.50-150x199.jpeg 150w, https:\/\/elmensajeromx.com\/wp-content\/uploads\/2026\/04\/WhatsApp-Image-2026-04-20-at-12.33.50-300x399.jpeg 300w, https:\/\/elmensajeromx.com\/wp-content\/uploads\/2026\/04\/WhatsApp-Image-2026-04-20-at-12.33.50-696x925.jpeg 696w, https:\/\/elmensajeromx.com\/wp-content\/uploads\/2026\/04\/WhatsApp-Image-2026-04-20-at-12.33.50.jpeg 963w\" sizes=\"auto, (max-width: 696px) 100vw, 696px\" \/><\/p>\n","protected":false},"excerpt":{"rendered":"<p>Yanga, Ver.- Cansados de esperar, padres y madres de familia de la Escuela Primaria Jos\u00e9 Mar\u00eda Morelos y Pav\u00f3n, en San Francisco Las Mesillas, decidieron tomar el plantel para exigir la llegada de maestros para los grupos de primero y segundo grado. Desde el pasado 10 de marzo, las y los alumnos no cuentan con [&hellip;]<\/p>\n","protected":false},"author":3,"featured_media":2424,"comment_status":"open","ping_status":"open","sticky":false,"template":"","format":"standard","meta":{"footnotes":""},"categories":[3],"tags":[],"class_list":{"0":"post-2423","1":"post","2":"type-post","3":"status-publish","4":"format-standard","5":"has-post-thumbnail","7":"category-principal"},"_links":{"self":[{"href":"https:\/\/elmensajeromx.com\/index.php?rest_route=\/wp\/v2\/posts\/2423","targetHints":{"allow":["GET"]}}],"collection":[{"href":"https:\/\/elmensajeromx.com\/index.php?rest_route=\/wp\/v2\/posts"}],"about":[{"href":"https:\/\/elmensajeromx.com\/index.php?rest_route=\/wp\/v2\/types\/post"}],"author":[{"embeddable":true,"href":"https:\/\/elmensajeromx.com\/index.php?rest_route=\/wp\/v2\/users\/3"}],"replies":[{"embeddable":true,"href":"https:\/\/elmensajeromx.com\/index.php?rest_route=%2Fwp%2Fv2%2Fcomments&post=2423"}],"version-history":[{"count":1,"href":"https:\/\/elmensajeromx.com\/index.php?rest_route=\/wp\/v2\/posts\/2423\/revisions"}],"predecessor-version":[{"id":2426,"href":"https:\/\/elmensajeromx.com\/index.php?rest_route=\/wp\/v2\/posts\/2423\/revisions\/2426"}],"wp:featuredmedia":[{"embeddable":true,"href":"https:\/\/elmensajeromx.com\/index.php?rest_route=\/wp\/v2\/media\/2424"}],"wp:attachment":[{"href":"https:\/\/elmensajeromx.com\/index.php?rest_route=%2Fwp%2Fv2%2Fmedia&parent=2423"}],"wp:term":[{"taxonomy":"category","embeddable":true,"href":"https:\/\/elmensajeromx.com\/index.php?rest_route=%2Fwp%2Fv2%2Fcategories&post=2423"},{"taxonomy":"post_tag","embeddable":true,"href":"https:\/\/elmensajeromx.com\/index.php?rest_route=%2Fwp%2Fv2%2Ftags&post=2423"}],"curies":[{"name":"wp","href":"https:\/\/api.w.org\/{rel}","templated":true}]}}