{"id":2411,"date":"2026-04-20T16:54:49","date_gmt":"2026-04-20T16:54:49","guid":{"rendered":"https:\/\/elmensajeromx.com\/?p=2411"},"modified":"2026-04-20T16:54:49","modified_gmt":"2026-04-20T16:54:49","slug":"cambios-en-morena-seran-nacionales-quienes-aspiren-deberan-separarse-del-cargo-manuel-huerta","status":"publish","type":"post","link":"https:\/\/elmensajeromx.com\/?p=2411","title":{"rendered":"Cambios en Morena ser\u00e1n nacionales; quienes aspiren deber\u00e1n separarse del cargo: Manuel Huerta"},"content":{"rendered":"<p>El senador Manuel Huerta Ladr\u00f3n de Guevara afirm\u00f3 que los ajustes recientes dentro de Morena obedecen a una din\u00e1mica nacional y adelant\u00f3 que continuar\u00e1n los cambios al interior del movimiento, con miras a fortalecer la organizaci\u00f3n y encarar los pr\u00f3ximos procesos pol\u00edticos.<\/p>\n<p>En entrevista con medios en Xalapa, el legislador subray\u00f3 que las decisiones internas no responden \u00fanicamente a Veracruz, sino a una reconfiguraci\u00f3n nacional.<\/p>\n<p>\u201cLos cambios que se dan no son por una decisi\u00f3n de Veracruz, van a ser cambios nacionales. Morena es un partido nacional y as\u00ed deben entenderse estos procesos\u201d, expres\u00f3.<\/p>\n<p>Huerta destac\u00f3 que el movimiento ya se encuentra en una etapa de reorganizaci\u00f3n, particularmente con la instalaci\u00f3n de \u00f3rganos clave como la comisi\u00f3n de candidaturas y alianzas, lo que anticipa nuevas definiciones en todo el pa\u00eds.<\/p>\n<p>En ese contexto, enfatiz\u00f3 que quienes aspiren a responsabilidades pol\u00edticas deber\u00e1n actuar con congruencia y separarse de sus cargos p\u00fablicos, siguiendo el ejemplo planteado a nivel nacional.<\/p>\n<p>\u201cVa a haber ajustes necesarios. Ya lo ha dicho la Presidenta: el que quiera participar, que se vaya del gobierno. Es un principio claro de \u00e9tica pol\u00edtica. Yo preveo que habr\u00e1 varias renuncias en ese sentido\u201d, se\u00f1al\u00f3.<\/p>\n<p>El senador consider\u00f3 que este proceso es parte de la vida democr\u00e1tica del movimiento y permitir\u00e1 dar paso a nuevos perfiles, sin perder el rumbo de la transformaci\u00f3n.<\/p>\n<p>Asimismo, hizo un llamado a mantener la unidad dentro de las alianzas, reconociendo que existen diferencias entre partidos, pero subrayando la importancia de sostener la coordinaci\u00f3n pol\u00edtica.<\/p>\n<p>\u201cSomos aliados, pero no somos lo mismo. Morena, el Verde y el PT tienen identidades distintas, pero debemos actuar con serenidad y mantener la unidad del movimiento\u201d, apunt\u00f3.<\/p>\n<p>En paralelo, reiter\u00f3 que la fortaleza de Morena radica en el trabajo territorial, la organizaci\u00f3n de base y el contacto directo con la ciudadan\u00eda.<\/p>\n<p>\u201cYo vengo de caminar, de escuchar a la gente, de entregar afiliaciones. Ah\u00ed es donde realmente se construye el movimiento\u201d, afirm\u00f3.<\/p>\n<p>Finalmente, Manuel Huerta asegur\u00f3 que continuar\u00e1 recorriendo Veracruz y manteniendo cercan\u00eda con el pueblo.<\/p>\n<p>\u201cLa pol\u00edtica no se hace desde el escritorio. Se hace en territorio, escuchando y trabajando con la gente. Yo siempre he caminado y lo seguir\u00e9 haciendo\u201d, concluy\u00f3.<\/p>\n","protected":false},"excerpt":{"rendered":"<p>El senador Manuel Huerta Ladr\u00f3n de Guevara afirm\u00f3 que los ajustes recientes dentro de Morena obedecen a una din\u00e1mica nacional y adelant\u00f3 que continuar\u00e1n los cambios al interior del movimiento, con miras a fortalecer la organizaci\u00f3n y encarar los pr\u00f3ximos procesos pol\u00edticos. En entrevista con medios en Xalapa, el legislador subray\u00f3 que las decisiones internas [&hellip;]<\/p>\n","protected":false},"author":3,"featured_media":2412,"comment_status":"open","ping_status":"open","sticky":false,"template":"","format":"standard","meta":{"footnotes":""},"categories":[3],"tags":[],"class_list":{"0":"post-2411","1":"post","2":"type-post","3":"status-publish","4":"format-standard","5":"has-post-thumbnail","7":"category-principal"},"_links":{"self":[{"href":"https:\/\/elmensajeromx.com\/index.php?rest_route=\/wp\/v2\/posts\/2411","targetHints":{"allow":["GET"]}}],"collection":[{"href":"https:\/\/elmensajeromx.com\/index.php?rest_route=\/wp\/v2\/posts"}],"about":[{"href":"https:\/\/elmensajeromx.com\/index.php?rest_route=\/wp\/v2\/types\/post"}],"author":[{"embeddable":true,"href":"https:\/\/elmensajeromx.com\/index.php?rest_route=\/wp\/v2\/users\/3"}],"replies":[{"embeddable":true,"href":"https:\/\/elmensajeromx.com\/index.php?rest_route=%2Fwp%2Fv2%2Fcomments&post=2411"}],"version-history":[{"count":1,"href":"https:\/\/elmensajeromx.com\/index.php?rest_route=\/wp\/v2\/posts\/2411\/revisions"}],"predecessor-version":[{"id":2413,"href":"https:\/\/elmensajeromx.com\/index.php?rest_route=\/wp\/v2\/posts\/2411\/revisions\/2413"}],"wp:featuredmedia":[{"embeddable":true,"href":"https:\/\/elmensajeromx.com\/index.php?rest_route=\/wp\/v2\/media\/2412"}],"wp:attachment":[{"href":"https:\/\/elmensajeromx.com\/index.php?rest_route=%2Fwp%2Fv2%2Fmedia&parent=2411"}],"wp:term":[{"taxonomy":"category","embeddable":true,"href":"https:\/\/elmensajeromx.com\/index.php?rest_route=%2Fwp%2Fv2%2Fcategories&post=2411"},{"taxonomy":"post_tag","embeddable":true,"href":"https:\/\/elmensajeromx.com\/index.php?rest_route=%2Fwp%2Fv2%2Ftags&post=2411"}],"curies":[{"name":"wp","href":"https:\/\/api.w.org\/{rel}","templated":true}]}}