{"id":2407,"date":"2026-04-20T16:53:13","date_gmt":"2026-04-20T16:53:13","guid":{"rendered":"https:\/\/elmensajeromx.com\/?p=2407"},"modified":"2026-04-20T16:53:13","modified_gmt":"2026-04-20T16:53:13","slug":"sheinbaum-estara-en-veracruz-este-21-de-abril-por-ceremonia-de-la-gesta-heroica","status":"publish","type":"post","link":"https:\/\/elmensajeromx.com\/?p=2407","title":{"rendered":"Sheinbaum estar\u00e1 en Veracruz este 21 de abril por ceremonia de la Gesta Heroica"},"content":{"rendered":"<p data-start=\"1005\" data-end=\"1233\">Xalapa, Ver., 20 de abril de 2026.\u2013 La presidenta de M\u00e9xico, Claudia Sheinbaum Pardo, visitar\u00e1 Veracruz el pr\u00f3ximo martes 21 de abril para participar en la conmemoraci\u00f3n de la Gesta Heroica de Veracruz.<\/p>\n<p>Se prev\u00e9 la presencia de autoridades civiles y militares en la ceremonia oficial encabezada por la mandataria federal.<\/p>\n<p>La visita forma parte de la agenda conmemorativa nacional en torno a esta fecha.<\/p>\n<div style=\"width: 696px;\" class=\"wp-video\"><video class=\"wp-video-shortcode\" id=\"video-2407-1\" width=\"696\" height=\"394\" preload=\"metadata\" controls=\"controls\"><source type=\"video\/mp4\" src=\"https:\/\/elmensajeromx.com\/wp-content\/uploads\/2026\/04\/WhatsApp-Video-2026-04-20-at-10.39.06.mp4?_=1\" \/><a href=\"https:\/\/elmensajeromx.com\/wp-content\/uploads\/2026\/04\/WhatsApp-Video-2026-04-20-at-10.39.06.mp4\">https:\/\/elmensajeromx.com\/wp-content\/uploads\/2026\/04\/WhatsApp-Video-2026-04-20-at-10.39.06.mp4<\/a><\/video><\/div>\n","protected":false},"excerpt":{"rendered":"<p>Xalapa, Ver., 20 de abril de 2026.\u2013 La presidenta de M\u00e9xico, Claudia Sheinbaum Pardo, visitar\u00e1 Veracruz el pr\u00f3ximo martes 21 de abril para participar en la conmemoraci\u00f3n de la Gesta Heroica de Veracruz. Se prev\u00e9 la presencia de autoridades civiles y militares en la ceremonia oficial encabezada por la mandataria federal. La visita forma parte [&hellip;]<\/p>\n","protected":false},"author":3,"featured_media":2408,"comment_status":"open","ping_status":"open","sticky":false,"template":"","format":"standard","meta":{"footnotes":""},"categories":[3,4],"tags":[],"class_list":{"0":"post-2407","1":"post","2":"type-post","3":"status-publish","4":"format-standard","5":"has-post-thumbnail","7":"category-principal","8":"category-veracruz"},"_links":{"self":[{"href":"https:\/\/elmensajeromx.com\/index.php?rest_route=\/wp\/v2\/posts\/2407","targetHints":{"allow":["GET"]}}],"collection":[{"href":"https:\/\/elmensajeromx.com\/index.php?rest_route=\/wp\/v2\/posts"}],"about":[{"href":"https:\/\/elmensajeromx.com\/index.php?rest_route=\/wp\/v2\/types\/post"}],"author":[{"embeddable":true,"href":"https:\/\/elmensajeromx.com\/index.php?rest_route=\/wp\/v2\/users\/3"}],"replies":[{"embeddable":true,"href":"https:\/\/elmensajeromx.com\/index.php?rest_route=%2Fwp%2Fv2%2Fcomments&post=2407"}],"version-history":[{"count":1,"href":"https:\/\/elmensajeromx.com\/index.php?rest_route=\/wp\/v2\/posts\/2407\/revisions"}],"predecessor-version":[{"id":2410,"href":"https:\/\/elmensajeromx.com\/index.php?rest_route=\/wp\/v2\/posts\/2407\/revisions\/2410"}],"wp:featuredmedia":[{"embeddable":true,"href":"https:\/\/elmensajeromx.com\/index.php?rest_route=\/wp\/v2\/media\/2408"}],"wp:attachment":[{"href":"https:\/\/elmensajeromx.com\/index.php?rest_route=%2Fwp%2Fv2%2Fmedia&parent=2407"}],"wp:term":[{"taxonomy":"category","embeddable":true,"href":"https:\/\/elmensajeromx.com\/index.php?rest_route=%2Fwp%2Fv2%2Fcategories&post=2407"},{"taxonomy":"post_tag","embeddable":true,"href":"https:\/\/elmensajeromx.com\/index.php?rest_route=%2Fwp%2Fv2%2Ftags&post=2407"}],"curies":[{"name":"wp","href":"https:\/\/api.w.org\/{rel}","templated":true}]}}