{"id":2366,"date":"2026-04-19T00:47:02","date_gmt":"2026-04-19T00:47:02","guid":{"rendered":"https:\/\/elmensajeromx.com\/?p=2366"},"modified":"2026-04-19T00:47:02","modified_gmt":"2026-04-19T00:47:02","slug":"fiscalia-de-veracruz-logra-imputar-a-nueve-por-delitos-contra-la-salud-y-agresiones-a-la-autoridad","status":"publish","type":"post","link":"https:\/\/elmensajeromx.com\/?p=2366","title":{"rendered":"Fiscal\u00eda de Veracruz logra imputar a nueve por delitos contra la salud y agresiones a la autoridad"},"content":{"rendered":"<p>Xalapa, Ver., 18 de abril de 2026.- Como resultado de las investigaciones ministeriales y acciones de campo, la Fiscal\u00eda General del Estado de Veracruz, a trav\u00e9s de la Fiscal\u00eda Regional Xalapa, logr\u00f3 la detenci\u00f3n y la correspondiente formulaci\u00f3n de imputaci\u00f3n en contra de Gustavo \u201cN\u201d, Jes\u00fas Emmanuel \u201cN\u201d, Mar\u00eda Teresa \u201cN\u201d, Martha Cecilia \u201cN\u201d, Mar\u00eda de los \u00c1ngeles \u201cN\u201d, Mayra Ricarda \u201cN\u201d, Alfredo \u201cN\u201d, Yennifer Rebeca \u201cN\u201d y Ra\u00fal \u201cN\u201d, se\u00f1alados como presuntos responsables de los delitos contra la salud y contra las instituciones de seguridad p\u00fablica.<\/p>\n<p>Se informa que las personas ahora imputadas son probables integrantes de un grupo delictivo con presuntas operaciones en el municipio de Xalapa y la localidad de El Castillo y la colonia Casa Blanca.<\/p>\n<p>En ambas audiencias iniciales, el \u00f3rgano jurisdiccional determin\u00f3 que, derivado de los actos de investigaci\u00f3n y los datos de prueba aportados, existen elementos suficientes para establecer su presunta participaci\u00f3n en los delitos se\u00f1alados.<\/p>\n<p>Por lo anterior, dentro de los procesos penales 318\/2026 y 319\/2026, el juez dict\u00f3 como medida cautelar prisi\u00f3n preventiva oficiosa y fij\u00f3 fecha para la audiencia de vinculaci\u00f3n a proceso.<\/p>\n<p>Con este resultado, la Fiscal\u00eda General del Estado de Veracruz reafirma su postura de tolerancia cero ante agresiones contra nuestras fuerzas del orden y delitos que vulneran la salud de la poblaci\u00f3n.<\/p>\n","protected":false},"excerpt":{"rendered":"<p>Xalapa, Ver., 18 de abril de 2026.- Como resultado de las investigaciones ministeriales y acciones de campo, la Fiscal\u00eda General del Estado de Veracruz, a trav\u00e9s de la Fiscal\u00eda Regional Xalapa, logr\u00f3 la detenci\u00f3n y la correspondiente formulaci\u00f3n de imputaci\u00f3n en contra de Gustavo \u201cN\u201d, Jes\u00fas Emmanuel \u201cN\u201d, Mar\u00eda Teresa \u201cN\u201d, Martha Cecilia \u201cN\u201d, Mar\u00eda [&hellip;]<\/p>\n","protected":false},"author":3,"featured_media":2367,"comment_status":"open","ping_status":"open","sticky":false,"template":"","format":"standard","meta":{"footnotes":""},"categories":[3],"tags":[],"class_list":{"0":"post-2366","1":"post","2":"type-post","3":"status-publish","4":"format-standard","5":"has-post-thumbnail","7":"category-principal"},"_links":{"self":[{"href":"https:\/\/elmensajeromx.com\/index.php?rest_route=\/wp\/v2\/posts\/2366","targetHints":{"allow":["GET"]}}],"collection":[{"href":"https:\/\/elmensajeromx.com\/index.php?rest_route=\/wp\/v2\/posts"}],"about":[{"href":"https:\/\/elmensajeromx.com\/index.php?rest_route=\/wp\/v2\/types\/post"}],"author":[{"embeddable":true,"href":"https:\/\/elmensajeromx.com\/index.php?rest_route=\/wp\/v2\/users\/3"}],"replies":[{"embeddable":true,"href":"https:\/\/elmensajeromx.com\/index.php?rest_route=%2Fwp%2Fv2%2Fcomments&post=2366"}],"version-history":[{"count":1,"href":"https:\/\/elmensajeromx.com\/index.php?rest_route=\/wp\/v2\/posts\/2366\/revisions"}],"predecessor-version":[{"id":2368,"href":"https:\/\/elmensajeromx.com\/index.php?rest_route=\/wp\/v2\/posts\/2366\/revisions\/2368"}],"wp:featuredmedia":[{"embeddable":true,"href":"https:\/\/elmensajeromx.com\/index.php?rest_route=\/wp\/v2\/media\/2367"}],"wp:attachment":[{"href":"https:\/\/elmensajeromx.com\/index.php?rest_route=%2Fwp%2Fv2%2Fmedia&parent=2366"}],"wp:term":[{"taxonomy":"category","embeddable":true,"href":"https:\/\/elmensajeromx.com\/index.php?rest_route=%2Fwp%2Fv2%2Fcategories&post=2366"},{"taxonomy":"post_tag","embeddable":true,"href":"https:\/\/elmensajeromx.com\/index.php?rest_route=%2Fwp%2Fv2%2Ftags&post=2366"}],"curies":[{"name":"wp","href":"https:\/\/api.w.org\/{rel}","templated":true}]}}