{"id":2312,"date":"2026-04-18T01:03:32","date_gmt":"2026-04-18T01:03:32","guid":{"rendered":"https:\/\/elmensajeromx.com\/?p=2312"},"modified":"2026-04-18T01:03:32","modified_gmt":"2026-04-18T01:03:32","slug":"celebra-ayuntamiento-de-veracruz-507-anos-de-historia-e-identidad-con-actividades-culturales","status":"publish","type":"post","link":"https:\/\/elmensajeromx.com\/?p=2312","title":{"rendered":"Celebra Ayuntamiento de Veracruz 507 a\u00f1os de historia e identidad con actividades culturales"},"content":{"rendered":"<p>Con motivo de los 507 a\u00f1os de la fundaci\u00f3n de la Villa Rica de la Vera Cruz, donde se estableci\u00f3 el primer ayuntamiento de M\u00e9xico y del continente, el gobierno municipal de Veracruz presenta una semana de actividades culturales, art\u00edsticas y conmemorativas que celebran la identidad, historia y riqueza tradicional de la ciudad.<\/p>\n<p>Del 17 al 22 de abril, la ciudad ser\u00e1 escenario de conciertos, danz\u00f3n, son jarocho, pasarelas textiles, exposiciones y conferencias, con sedes como el Z\u00f3calo, el Museo de la Ciudad y espacios emblem\u00e1ticos del Centro Hist\u00f3rico, promoviendo el acceso a la cultura y la convivencia comunitaria.<\/p>\n<p>Entre las actividades destacan el Primer Encuentro de Ra\u00edces Textiles Veracruzanas, presentaciones musicales en vivo, foros abiertos y expresiones tradicionales como el fandango, que reafirman el valor del patrimonio cultural local, en l\u00ednea con la visi\u00f3n de la presidenta municipal, Rosa Mar\u00eda Hern\u00e1ndez Espejo.<\/p>\n<p>El programa culmina el 22 de abril con la Fiesta de la Veracruzaneidad, que incluye corredor gastron\u00f3mico, desfile y m\u00fasica viva, consolidando una celebraci\u00f3n que honra el origen hist\u00f3rico de la ciudad y refrenda el compromiso de preservar sus tradiciones con una visi\u00f3n incluyente y contempor\u00e1nea.<\/p>\n","protected":false},"excerpt":{"rendered":"<p>Con motivo de los 507 a\u00f1os de la fundaci\u00f3n de la Villa Rica de la Vera Cruz, donde se estableci\u00f3 el primer ayuntamiento de M\u00e9xico y del continente, el gobierno municipal de Veracruz presenta una semana de actividades culturales, art\u00edsticas y conmemorativas que celebran la identidad, historia y riqueza tradicional de la ciudad. Del 17 [&hellip;]<\/p>\n","protected":false},"author":3,"featured_media":2313,"comment_status":"open","ping_status":"open","sticky":false,"template":"","format":"standard","meta":{"footnotes":""},"categories":[8,3],"tags":[],"class_list":{"0":"post-2312","1":"post","2":"type-post","3":"status-publish","4":"format-standard","5":"has-post-thumbnail","7":"category-ayuntamientos","8":"category-principal"},"_links":{"self":[{"href":"https:\/\/elmensajeromx.com\/index.php?rest_route=\/wp\/v2\/posts\/2312","targetHints":{"allow":["GET"]}}],"collection":[{"href":"https:\/\/elmensajeromx.com\/index.php?rest_route=\/wp\/v2\/posts"}],"about":[{"href":"https:\/\/elmensajeromx.com\/index.php?rest_route=\/wp\/v2\/types\/post"}],"author":[{"embeddable":true,"href":"https:\/\/elmensajeromx.com\/index.php?rest_route=\/wp\/v2\/users\/3"}],"replies":[{"embeddable":true,"href":"https:\/\/elmensajeromx.com\/index.php?rest_route=%2Fwp%2Fv2%2Fcomments&post=2312"}],"version-history":[{"count":1,"href":"https:\/\/elmensajeromx.com\/index.php?rest_route=\/wp\/v2\/posts\/2312\/revisions"}],"predecessor-version":[{"id":2314,"href":"https:\/\/elmensajeromx.com\/index.php?rest_route=\/wp\/v2\/posts\/2312\/revisions\/2314"}],"wp:featuredmedia":[{"embeddable":true,"href":"https:\/\/elmensajeromx.com\/index.php?rest_route=\/wp\/v2\/media\/2313"}],"wp:attachment":[{"href":"https:\/\/elmensajeromx.com\/index.php?rest_route=%2Fwp%2Fv2%2Fmedia&parent=2312"}],"wp:term":[{"taxonomy":"category","embeddable":true,"href":"https:\/\/elmensajeromx.com\/index.php?rest_route=%2Fwp%2Fv2%2Fcategories&post=2312"},{"taxonomy":"post_tag","embeddable":true,"href":"https:\/\/elmensajeromx.com\/index.php?rest_route=%2Fwp%2Fv2%2Ftags&post=2312"}],"curies":[{"name":"wp","href":"https:\/\/api.w.org\/{rel}","templated":true}]}}