{"id":2308,"date":"2026-04-18T00:48:38","date_gmt":"2026-04-18T00:48:38","guid":{"rendered":"https:\/\/elmensajeromx.com\/?p=2308"},"modified":"2026-04-18T00:48:38","modified_gmt":"2026-04-18T00:48:38","slug":"sev-reconoce-papel-del-magisterio-en-mejora-educativa-en-veracruz","status":"publish","type":"post","link":"https:\/\/elmensajeromx.com\/?p=2308","title":{"rendered":"SEV reconoce papel del magisterio en mejora educativa en Veracruz"},"content":{"rendered":"<p><strong>Xalapa, Ver., viernes 17 de abril de 2026.- <\/strong>Durante la 4\u00aa Jornada Estatal de Informaci\u00f3n y Comunicaci\u00f3n Sindical de la Secci\u00f3n 56 del SNTE, autoridades de la Secretar\u00eda de Educaci\u00f3n de Veracruz (SEV) y representantes sindicales destacaron la coordinaci\u00f3n institucional como eje para fortalecer el sistema educativo en la entidad.<\/p>\n<p>En este marco, la titular de la SEV, Claudia Tello Espinosa, expuso que la colaboraci\u00f3n ha contribuido a la reducci\u00f3n de la deserci\u00f3n escolar en todos los niveles, de acuerdo con el Prontuario Estad\u00edstico 2025-2026, elaborado con informaci\u00f3n recabada mediante el formato 911.<\/p>\n<p>Se\u00f1al\u00f3 que esta base de datos permite ajustar estrategias y fortalecer la toma de decisiones en el sector educativo, en l\u00ednea con los objetivos planteados por la administraci\u00f3n estatal.<\/p>\n<p>Asimismo, ante el secretario general del SNTE, Alfonso Cepeda Salas, subray\u00f3 que la defensa de los derechos del magisterio incide directamente en la calidad educativa y en el aprendizaje de cerca de dos millones de estudiantes en Veracruz.<\/p>\n<p><img loading=\"lazy\" decoding=\"async\" class=\"alignnone wp-image-2309 size-large\" src=\"https:\/\/elmensajeromx.com\/wp-content\/uploads\/2026\/04\/WhatsApp-Image-2026-04-17-at-18.24.04-1-1024x683.jpeg\" alt=\"\" width=\"696\" height=\"464\" srcset=\"https:\/\/elmensajeromx.com\/wp-content\/uploads\/2026\/04\/WhatsApp-Image-2026-04-17-at-18.24.04-1-1024x683.jpeg 1024w, https:\/\/elmensajeromx.com\/wp-content\/uploads\/2026\/04\/WhatsApp-Image-2026-04-17-at-18.24.04-1-300x200.jpeg 300w, https:\/\/elmensajeromx.com\/wp-content\/uploads\/2026\/04\/WhatsApp-Image-2026-04-17-at-18.24.04-1-768x512.jpeg 768w, https:\/\/elmensajeromx.com\/wp-content\/uploads\/2026\/04\/WhatsApp-Image-2026-04-17-at-18.24.04-1-630x420.jpeg 630w, https:\/\/elmensajeromx.com\/wp-content\/uploads\/2026\/04\/WhatsApp-Image-2026-04-17-at-18.24.04-1-150x100.jpeg 150w, https:\/\/elmensajeromx.com\/wp-content\/uploads\/2026\/04\/WhatsApp-Image-2026-04-17-at-18.24.04-1-696x464.jpeg 696w, https:\/\/elmensajeromx.com\/wp-content\/uploads\/2026\/04\/WhatsApp-Image-2026-04-17-at-18.24.04-1-1068x713.jpeg 1068w, https:\/\/elmensajeromx.com\/wp-content\/uploads\/2026\/04\/WhatsApp-Image-2026-04-17-at-18.24.04-1.jpeg 1280w\" sizes=\"auto, (max-width: 696px) 100vw, 696px\" \/><\/p>\n","protected":false},"excerpt":{"rendered":"<p>Xalapa, Ver., viernes 17 de abril de 2026.- Durante la 4\u00aa Jornada Estatal de Informaci\u00f3n y Comunicaci\u00f3n Sindical de la Secci\u00f3n 56 del SNTE, autoridades de la Secretar\u00eda de Educaci\u00f3n de Veracruz (SEV) y representantes sindicales destacaron la coordinaci\u00f3n institucional como eje para fortalecer el sistema educativo en la entidad. En este marco, la titular [&hellip;]<\/p>\n","protected":false},"author":3,"featured_media":2310,"comment_status":"open","ping_status":"open","sticky":false,"template":"","format":"standard","meta":{"footnotes":""},"categories":[3],"tags":[],"class_list":{"0":"post-2308","1":"post","2":"type-post","3":"status-publish","4":"format-standard","5":"has-post-thumbnail","7":"category-principal"},"_links":{"self":[{"href":"https:\/\/elmensajeromx.com\/index.php?rest_route=\/wp\/v2\/posts\/2308","targetHints":{"allow":["GET"]}}],"collection":[{"href":"https:\/\/elmensajeromx.com\/index.php?rest_route=\/wp\/v2\/posts"}],"about":[{"href":"https:\/\/elmensajeromx.com\/index.php?rest_route=\/wp\/v2\/types\/post"}],"author":[{"embeddable":true,"href":"https:\/\/elmensajeromx.com\/index.php?rest_route=\/wp\/v2\/users\/3"}],"replies":[{"embeddable":true,"href":"https:\/\/elmensajeromx.com\/index.php?rest_route=%2Fwp%2Fv2%2Fcomments&post=2308"}],"version-history":[{"count":1,"href":"https:\/\/elmensajeromx.com\/index.php?rest_route=\/wp\/v2\/posts\/2308\/revisions"}],"predecessor-version":[{"id":2311,"href":"https:\/\/elmensajeromx.com\/index.php?rest_route=\/wp\/v2\/posts\/2308\/revisions\/2311"}],"wp:featuredmedia":[{"embeddable":true,"href":"https:\/\/elmensajeromx.com\/index.php?rest_route=\/wp\/v2\/media\/2310"}],"wp:attachment":[{"href":"https:\/\/elmensajeromx.com\/index.php?rest_route=%2Fwp%2Fv2%2Fmedia&parent=2308"}],"wp:term":[{"taxonomy":"category","embeddable":true,"href":"https:\/\/elmensajeromx.com\/index.php?rest_route=%2Fwp%2Fv2%2Fcategories&post=2308"},{"taxonomy":"post_tag","embeddable":true,"href":"https:\/\/elmensajeromx.com\/index.php?rest_route=%2Fwp%2Fv2%2Ftags&post=2308"}],"curies":[{"name":"wp","href":"https:\/\/api.w.org\/{rel}","templated":true}]}}