{"id":2302,"date":"2026-04-18T00:34:06","date_gmt":"2026-04-18T00:34:06","guid":{"rendered":"https:\/\/elmensajeromx.com\/?p=2302"},"modified":"2026-04-18T00:34:06","modified_gmt":"2026-04-18T00:34:06","slug":"hay-tiro-yunes-acepta-debatir-con-diputada-de-morena-pero-no-en-la-calle","status":"publish","type":"post","link":"https:\/\/elmensajeromx.com\/?p=2302","title":{"rendered":"\u201cHay tiro\u201d: Yunes acepta debatir con diputada de Morena, pero no en la calle"},"content":{"rendered":"<section class=\"text-token-text-primary w-full focus:outline-none [--shadow-height:45px] has-data-writing-block:pointer-events-none has-data-writing-block:-mt-(--shadow-height) has-data-writing-block:pt-(--shadow-height) [&amp;:has([data-writing-block])&gt;*]:pointer-events-auto [content-visibility:auto] supports-[content-visibility:auto]:[contain-intrinsic-size:auto_100lvh] R6Vx5W_threadScrollVars scroll-mb-[calc(var(--scroll-root-safe-area-inset-bottom,0px)+var(--thread-response-height))] scroll-mt-[calc(var(--header-height)+min(200px,max(70px,20svh)))]\" dir=\"auto\" data-turn-id=\"request-WEB:9fde5b4b-9f28-4484-b04a-0c53224be171-34\" data-testid=\"conversation-turn-30\" data-scroll-anchor=\"false\" data-turn=\"assistant\">\n<div class=\"text-base my-auto mx-auto pb-10 [--thread-content-margin:var(--thread-content-margin-xs,calc(var(--spacing)*4))] @w-sm\/main:[--thread-content-margin:var(--thread-content-margin-sm,calc(var(--spacing)*6))] @w-lg\/main:[--thread-content-margin:var(--thread-content-margin-lg,calc(var(--spacing)*16))] px-(--thread-content-margin)\">\n<div class=\"[--thread-content-max-width:40rem] @w-lg\/main:[--thread-content-max-width:48rem] mx-auto max-w-(--thread-content-max-width) flex-1 group\/turn-messages focus-visible:outline-hidden relative flex w-full min-w-0 flex-col agent-turn\">\n<div class=\"flex max-w-full flex-col gap-4 grow\">\n<div class=\"min-h-8 text-message relative flex w-full flex-col items-end gap-2 text-start break-words whitespace-normal outline-none keyboard-focused:focus-ring [.text-message+&amp;]:mt-1\" dir=\"auto\" tabindex=\"0\" data-message-author-role=\"assistant\" data-message-id=\"b37db606-16bd-4770-a0e6-37b8df32246f\" data-message-model-slug=\"gpt-5-3\" data-turn-start-message=\"true\">\n<div class=\"flex w-full flex-col gap-1 empty:hidden\">\n<div class=\"markdown prose dark:prose-invert w-full wrap-break-word light markdown-new-styling\">\n<p data-start=\"1616\" data-end=\"1887\">Xalapa, Ver., 17 de abril de 2026.\u2013 El diputado priista <span class=\"hover:entity-accent entity-underline inline cursor-pointer align-baseline\"><span class=\"whitespace-normal\">H\u00e9ctor Yunes Landa<\/span><\/span> acept\u00f3 el reto para debatir con la legisladora de Morena, <span class=\"hover:entity-accent entity-underline inline cursor-pointer align-baseline\"><span class=\"whitespace-normal\">Victoria Guti\u00e9rrez P\u00e9rez<\/span><\/span>, aunque dej\u00f3 claro que no ser\u00e1 en la plaza Lerdo, sino en el Congreso del Estado.<\/p>\n<p data-start=\"1889\" data-end=\"1994\">\u201cHay tiro\u201d, dej\u00f3 ver el legislador, pero rechaz\u00f3 que el encuentro se convierta en un espect\u00e1culo p\u00fablico.<\/p>\n<p data-start=\"1996\" data-end=\"2127\">\u201cNo soy cirquero, no voy a dar circo en la calle\u201d, dijo, al se\u00f1alar que el espacio adecuado para debatir es la tribuna legislativa.<\/p>\n<p data-start=\"2129\" data-end=\"2238\">Yunes tambi\u00e9n advirti\u00f3 que no quiere que se movilicen simpatizantes para presionar o generar confrontaciones.<\/p>\n<p data-start=\"2240\" data-end=\"2307\">\u201cQuer\u00edan aventar huevos y mentar madres, esa ya me la s\u00e9\u201d, coment\u00f3.<\/p>\n<p data-start=\"2309\" data-end=\"2440\">El debate surgi\u00f3 luego de la discusi\u00f3n por el Plan B de la reforma electoral, lo que encendi\u00f3 el intercambio entre ambos diputados.<\/p>\n<p data-start=\"2442\" data-end=\"2613\" data-is-last-node=\"\" data-is-only-node=\"\">Aunque ya hay disposici\u00f3n de las dos partes, todav\u00eda no se define el lugar del encuentro, que se plantea como un cara a cara directo, sin moderador y sin l\u00edmite de tiempo.<\/p>\n<\/div>\n<\/div>\n<\/div>\n<\/div>\n<div class=\"z-0 flex min-h-[46px] justify-start\"><\/div>\n<div class=\"mt-3 w-full empty:hidden\">\n<div class=\"text-center\"><\/div>\n<\/div>\n<\/div>\n<\/div>\n<\/section>\n<div class=\"pointer-events-none -mt-px h-px translate-y-[calc(var(--scroll-root-safe-area-inset-bottom)-14*var(--spacing))]\" aria-hidden=\"true\"><\/div>\n","protected":false},"excerpt":{"rendered":"<p>Xalapa, Ver., 17 de abril de 2026.\u2013 El diputado priista H\u00e9ctor Yunes Landa acept\u00f3 el reto para debatir con la legisladora de Morena, Victoria Guti\u00e9rrez P\u00e9rez, aunque dej\u00f3 claro que no ser\u00e1 en la plaza Lerdo, sino en el Congreso del Estado. \u201cHay tiro\u201d, dej\u00f3 ver el legislador, pero rechaz\u00f3 que el encuentro se convierta [&hellip;]<\/p>\n","protected":false},"author":3,"featured_media":2303,"comment_status":"open","ping_status":"open","sticky":false,"template":"","format":"standard","meta":{"footnotes":""},"categories":[5,3],"tags":[],"class_list":{"0":"post-2302","1":"post","2":"type-post","3":"status-publish","4":"format-standard","5":"has-post-thumbnail","7":"category-congreso-del-estado","8":"category-principal"},"_links":{"self":[{"href":"https:\/\/elmensajeromx.com\/index.php?rest_route=\/wp\/v2\/posts\/2302","targetHints":{"allow":["GET"]}}],"collection":[{"href":"https:\/\/elmensajeromx.com\/index.php?rest_route=\/wp\/v2\/posts"}],"about":[{"href":"https:\/\/elmensajeromx.com\/index.php?rest_route=\/wp\/v2\/types\/post"}],"author":[{"embeddable":true,"href":"https:\/\/elmensajeromx.com\/index.php?rest_route=\/wp\/v2\/users\/3"}],"replies":[{"embeddable":true,"href":"https:\/\/elmensajeromx.com\/index.php?rest_route=%2Fwp%2Fv2%2Fcomments&post=2302"}],"version-history":[{"count":1,"href":"https:\/\/elmensajeromx.com\/index.php?rest_route=\/wp\/v2\/posts\/2302\/revisions"}],"predecessor-version":[{"id":2304,"href":"https:\/\/elmensajeromx.com\/index.php?rest_route=\/wp\/v2\/posts\/2302\/revisions\/2304"}],"wp:featuredmedia":[{"embeddable":true,"href":"https:\/\/elmensajeromx.com\/index.php?rest_route=\/wp\/v2\/media\/2303"}],"wp:attachment":[{"href":"https:\/\/elmensajeromx.com\/index.php?rest_route=%2Fwp%2Fv2%2Fmedia&parent=2302"}],"wp:term":[{"taxonomy":"category","embeddable":true,"href":"https:\/\/elmensajeromx.com\/index.php?rest_route=%2Fwp%2Fv2%2Fcategories&post=2302"},{"taxonomy":"post_tag","embeddable":true,"href":"https:\/\/elmensajeromx.com\/index.php?rest_route=%2Fwp%2Fv2%2Ftags&post=2302"}],"curies":[{"name":"wp","href":"https:\/\/api.w.org\/{rel}","templated":true}]}}