{"id":2236,"date":"2026-04-17T01:59:53","date_gmt":"2026-04-17T01:59:53","guid":{"rendered":"https:\/\/elmensajeromx.com\/?p=2236"},"modified":"2026-04-17T01:59:53","modified_gmt":"2026-04-17T01:59:53","slug":"jubilados-regresan-a-plantones-en-xalapa-denuncian-enganos-y-falta-de-pago-de-seguros","status":"publish","type":"post","link":"https:\/\/elmensajeromx.com\/?p=2236","title":{"rendered":"Jubilados regresan a plantones en Xalapa; denuncian enga\u00f1os y falta de pago de seguros"},"content":{"rendered":"<div class=\"text-base my-auto mx-auto [--thread-content-margin:var(--thread-content-margin-xs,calc(var(--spacing)*4))] @w-sm\/main:[--thread-content-margin:var(--thread-content-margin-sm,calc(var(--spacing)*6))] @w-lg\/main:[--thread-content-margin:var(--thread-content-margin-lg,calc(var(--spacing)*16))] px-(--thread-content-margin)\">\n<div class=\"[--thread-content-max-width:40rem] @w-lg\/main:[--thread-content-max-width:48rem] mx-auto max-w-(--thread-content-max-width) flex-1 group\/turn-messages focus-visible:outline-hidden relative flex w-full min-w-0 flex-col agent-turn\">\n<div class=\"flex max-w-full flex-col gap-4 grow\">\n<div class=\"min-h-8 text-message relative flex w-full flex-col items-end gap-2 text-start break-words whitespace-normal outline-none keyboard-focused:focus-ring [.text-message+&amp;]:mt-1\" dir=\"auto\" data-message-author-role=\"assistant\" data-message-id=\"1bda21cd-2abf-4020-8fa3-b3ea794fcea5\" data-message-model-slug=\"gpt-5-3\">\n<div class=\"flex w-full flex-col gap-1 empty:hidden\">\n<div class=\"markdown prose dark:prose-invert w-full wrap-break-word light markdown-new-styling\">\n<p data-start=\"3194\" data-end=\"3509\">Xalapa, Ver., 16 de abril de 2026.\u2013 Jubilados de la Secretar\u00eda de Educaci\u00f3n de Veracruz volvieron a las calles y retomaron los plantones frente a Palacio de Gobierno, al denunciar que no se han cumplido los pagos de seguros de vida y que las soluciones prometidas por la administraci\u00f3n estatal no se han concretado.<\/p>\n<p data-start=\"3511\" data-end=\"3758\">En un posicionamiento p\u00fablico, los inconformes acusaron directamente a la gobernadora <span class=\"hover:entity-accent entity-underline inline cursor-pointer align-baseline\"><span class=\"whitespace-normal\">Roc\u00edo Nahle Garc\u00eda<\/span><\/span> de no atender sus demandas ni recibirlos en audiencia, pese a que aseguran existir compromisos firmados desde mayo de 2025.<\/p>\n<p data-start=\"3760\" data-end=\"4036\">Se\u00f1alaron que, aunque el Gobierno estatal anunci\u00f3 la creaci\u00f3n de dos figuras \u2014la Aseguradora Veracruzana de Servicios Integrales (AVSI) y el Fideicomiso Veracruzano de Seguridad Social Institucional (FIVESSI)\u2014, en la pr\u00e1ctica ninguna opera ni ha resuelto los pagos pendientes.<\/p>\n<p data-start=\"4038\" data-end=\"4258\">Los jubilados afirmaron que esta situaci\u00f3n ha dejado sin respaldo a familias de trabajadores fallecidos, cuyos seguros no han sido cubiertos desde hace varios a\u00f1os, lo que ha generado afectaciones econ\u00f3micas importantes.<\/p>\n<p data-start=\"4260\" data-end=\"4421\">\u201cNos enga\u00f1aron, no es la primera vez\u201d, se\u00f1alaron, al explicar que los acuerdos alcanzados anteriormente solo sirvieron para frenar moment\u00e1neamente las protestas.<\/p>\n<p data-start=\"4423\" data-end=\"4607\">Ante la falta de respuesta, anunciaron que mantendr\u00e1n plantones todos los jueves, de 10 de la ma\u00f1ana a 12 del d\u00eda, en el centro de Xalapa, como forma de presi\u00f3n para exigir soluciones.<\/p>\n<p data-start=\"4609\" data-end=\"4796\">Entre sus principales demandas destacan el pago inmediato de los seguros pendientes, la contrataci\u00f3n de una aseguradora formal y la cancelaci\u00f3n de los esquemas que consideran irregulares.<\/p>\n<p data-start=\"4798\" data-end=\"5018\" data-is-last-node=\"\" data-is-only-node=\"\">Finalmente, advirtieron que este problema no solo afecta a los jubilados, sino que tambi\u00e9n pone en riesgo a los trabajadores en activo, quienes en el futuro podr\u00edan enfrentar la misma situaci\u00f3n si no se corrige a tiempo.<\/p>\n<\/div>\n<\/div>\n<\/div>\n<\/div>\n<div class=\"z-0 flex min-h-[46px] justify-start\"><\/div>\n<\/div>\n<\/div>\n","protected":false},"excerpt":{"rendered":"<p>Xalapa, Ver., 16 de abril de 2026.\u2013 Jubilados de la Secretar\u00eda de Educaci\u00f3n de Veracruz volvieron a las calles y retomaron los plantones frente a Palacio de Gobierno, al denunciar que no se han cumplido los pagos de seguros de vida y que las soluciones prometidas por la administraci\u00f3n estatal no se han concretado. En [&hellip;]<\/p>\n","protected":false},"author":3,"featured_media":2237,"comment_status":"open","ping_status":"open","sticky":false,"template":"","format":"standard","meta":{"footnotes":""},"categories":[3],"tags":[],"class_list":{"0":"post-2236","1":"post","2":"type-post","3":"status-publish","4":"format-standard","5":"has-post-thumbnail","7":"category-principal"},"_links":{"self":[{"href":"https:\/\/elmensajeromx.com\/index.php?rest_route=\/wp\/v2\/posts\/2236","targetHints":{"allow":["GET"]}}],"collection":[{"href":"https:\/\/elmensajeromx.com\/index.php?rest_route=\/wp\/v2\/posts"}],"about":[{"href":"https:\/\/elmensajeromx.com\/index.php?rest_route=\/wp\/v2\/types\/post"}],"author":[{"embeddable":true,"href":"https:\/\/elmensajeromx.com\/index.php?rest_route=\/wp\/v2\/users\/3"}],"replies":[{"embeddable":true,"href":"https:\/\/elmensajeromx.com\/index.php?rest_route=%2Fwp%2Fv2%2Fcomments&post=2236"}],"version-history":[{"count":1,"href":"https:\/\/elmensajeromx.com\/index.php?rest_route=\/wp\/v2\/posts\/2236\/revisions"}],"predecessor-version":[{"id":2238,"href":"https:\/\/elmensajeromx.com\/index.php?rest_route=\/wp\/v2\/posts\/2236\/revisions\/2238"}],"wp:featuredmedia":[{"embeddable":true,"href":"https:\/\/elmensajeromx.com\/index.php?rest_route=\/wp\/v2\/media\/2237"}],"wp:attachment":[{"href":"https:\/\/elmensajeromx.com\/index.php?rest_route=%2Fwp%2Fv2%2Fmedia&parent=2236"}],"wp:term":[{"taxonomy":"category","embeddable":true,"href":"https:\/\/elmensajeromx.com\/index.php?rest_route=%2Fwp%2Fv2%2Fcategories&post=2236"},{"taxonomy":"post_tag","embeddable":true,"href":"https:\/\/elmensajeromx.com\/index.php?rest_route=%2Fwp%2Fv2%2Ftags&post=2236"}],"curies":[{"name":"wp","href":"https:\/\/api.w.org\/{rel}","templated":true}]}}