{"id":2212,"date":"2026-04-16T18:21:35","date_gmt":"2026-04-16T18:21:35","guid":{"rendered":"https:\/\/elmensajeromx.com\/?p=2212"},"modified":"2026-04-16T18:21:35","modified_gmt":"2026-04-16T18:21:35","slug":"combate-frontal-al-secuestro-en-orizaba-fiscalia-de-veracruz-logra-vinculacion-a-proceso-contra-presuntos-responsables-de-secuestro-agravado","status":"publish","type":"post","link":"https:\/\/elmensajeromx.com\/?p=2212","title":{"rendered":"Combate frontal al secuestro en Orizaba: Fiscal\u00eda de Veracruz logra vinculaci\u00f3n a proceso contra presuntos responsables de secuestro agravado"},"content":{"rendered":"<p>Xalapa, Ver., 16\u00a0 de abril de 2026.- Como resultado del trabajo de investigaci\u00f3n especializado, durante el periodo comprendido del 9 al 15 de abril, la Fiscal\u00eda General del Estado de Veracruz, a trav\u00e9s de la Unidad Especializada en Combate al Secuestro y la Extorsi\u00f3n (UECS) logra vinculaciones a proceso que refuerzan el combate al delito de secuestro.<\/p>\n<p>En Orizaba, la autoridad judicial dict\u00f3 la vinculaci\u00f3n a proceso en contra de \u00d3scar \u201cN\u201d y \u00d3scar \u201cN\u201d, a quienes se les se\u00f1ala como presuntos responsables del delito de secuestro agravado, cometido en agravio de cuatro v\u00edctimas de identidades reservadas, con quienes el primero manten\u00eda v\u00ednculos familiares.<\/p>\n<p>De acuerdo con el proceso penal correspondiente, los hechos dieron inicio el pasado 3 de abril del a\u00f1o en curso, cuando uno de ellos presuntamente priv\u00f3 de la libertad a 3 de las v\u00edctimas, sumando a la cuarta persona, el 4 de abril. Posteriormente, padre e hijo presuntamente exigieron un pago de rescate, siendo detenidos cuando pretend\u00edan cobrarlo, asegur\u00e1ndoles armas de fuego y pertenencias de las v\u00edctimas.<\/p>\n<p>Tras estos hechos, se realizaron investigaciones que condujeron a las autoridades a un domicilio en el municipio de R\u00edo Blanco, donde fueron localizados sus cuerpos sin vida, presumiblemente a manos de los ahora vinculados.<\/p>\n<p>Durante la audiencia de continuaci\u00f3n, el juez determin\u00f3 que existen datos de prueba suficientes para establecer su probable participaci\u00f3n en el delito mencionado, por lo que ratific\u00f3 la medida cautelar de prisi\u00f3n preventiva oficiosa y estableci\u00f3 un plazo para el desarrollo de la investigaci\u00f3n complementaria.<\/p>\n<p>En otra acci\u00f3n, en Coatzacoalcos se logr\u00f3 la vinculaci\u00f3n a proceso de Gerardo \u201cN\u201d, como presunto responsable del delito de secuestro expr\u00e9s, por su probable participaci\u00f3n en hechos ocurridos el 11 de noviembre de 2025, en la colonia Petrolera de ese municipio, donde dos v\u00edctimas presuntamente fueron privadas de su libertad mientras sujetos desconocidos allanaban su domicilio y sustra\u00edan diversas pertenencias, para posteriormente exigir un pago a cambio de no volver y causarles da\u00f1o.<\/p>\n<p>En el marco del proceso penal 155\/2026, la autoridad judicial ratific\u00f3 la medida cautelar de prisi\u00f3n preventiva oficiosa y estableci\u00f3 el plazo para la investigaci\u00f3n complementaria.<\/p>\n<p>Por otro lado, en Tantoyuca, un juez de control vincul\u00f3 a proceso a Fernando Ezequiel \u201cN\u201d, se\u00f1alado como presunto responsable del delito de secuestro agravado. Dentro del proceso penal 65\/2026, la autoridad judicial ratific\u00f3 la medida cautelar de prisi\u00f3n preventiva.<\/p>\n<p>Con estas acciones, la Fiscal\u00eda General del Estado refrenda su compromiso de combatir de manera frontal al secuestro, contribuyendo as\u00ed a la seguridad y tranquilidad de la poblaci\u00f3n veracruzana.<\/p>\n","protected":false},"excerpt":{"rendered":"<p>Xalapa, Ver., 16\u00a0 de abril de 2026.- Como resultado del trabajo de investigaci\u00f3n especializado, durante el periodo comprendido del 9 al 15 de abril, la Fiscal\u00eda General del Estado de Veracruz, a trav\u00e9s de la Unidad Especializada en Combate al Secuestro y la Extorsi\u00f3n (UECS) logra vinculaciones a proceso que refuerzan el combate al delito [&hellip;]<\/p>\n","protected":false},"author":3,"featured_media":2213,"comment_status":"open","ping_status":"open","sticky":false,"template":"","format":"standard","meta":{"footnotes":""},"categories":[3],"tags":[],"class_list":{"0":"post-2212","1":"post","2":"type-post","3":"status-publish","4":"format-standard","5":"has-post-thumbnail","7":"category-principal"},"_links":{"self":[{"href":"https:\/\/elmensajeromx.com\/index.php?rest_route=\/wp\/v2\/posts\/2212","targetHints":{"allow":["GET"]}}],"collection":[{"href":"https:\/\/elmensajeromx.com\/index.php?rest_route=\/wp\/v2\/posts"}],"about":[{"href":"https:\/\/elmensajeromx.com\/index.php?rest_route=\/wp\/v2\/types\/post"}],"author":[{"embeddable":true,"href":"https:\/\/elmensajeromx.com\/index.php?rest_route=\/wp\/v2\/users\/3"}],"replies":[{"embeddable":true,"href":"https:\/\/elmensajeromx.com\/index.php?rest_route=%2Fwp%2Fv2%2Fcomments&post=2212"}],"version-history":[{"count":1,"href":"https:\/\/elmensajeromx.com\/index.php?rest_route=\/wp\/v2\/posts\/2212\/revisions"}],"predecessor-version":[{"id":2214,"href":"https:\/\/elmensajeromx.com\/index.php?rest_route=\/wp\/v2\/posts\/2212\/revisions\/2214"}],"wp:featuredmedia":[{"embeddable":true,"href":"https:\/\/elmensajeromx.com\/index.php?rest_route=\/wp\/v2\/media\/2213"}],"wp:attachment":[{"href":"https:\/\/elmensajeromx.com\/index.php?rest_route=%2Fwp%2Fv2%2Fmedia&parent=2212"}],"wp:term":[{"taxonomy":"category","embeddable":true,"href":"https:\/\/elmensajeromx.com\/index.php?rest_route=%2Fwp%2Fv2%2Fcategories&post=2212"},{"taxonomy":"post_tag","embeddable":true,"href":"https:\/\/elmensajeromx.com\/index.php?rest_route=%2Fwp%2Fv2%2Ftags&post=2212"}],"curies":[{"name":"wp","href":"https:\/\/api.w.org\/{rel}","templated":true}]}}