{"id":2206,"date":"2026-04-16T15:22:07","date_gmt":"2026-04-16T15:22:07","guid":{"rendered":"https:\/\/elmensajeromx.com\/?p=2206"},"modified":"2026-04-16T15:22:07","modified_gmt":"2026-04-16T15:22:07","slug":"doctora-a-los-89-anos-una-vida-dedicada-al-estudio","status":"publish","type":"post","link":"https:\/\/elmensajeromx.com\/?p=2206","title":{"rendered":"Doctora a los 89 an\u0303os: una vida dedicada al estudio"},"content":{"rendered":"<ul>\n<li>Marta Elena Guerra, la persona m\u00e1s longeva en obtener ese grado en la UNAM<\/li>\n<li>Durante cuatro d\u00e9cadas comparti\u00f3 sus conocimientos como docente en la Facultad de Filosof\u00eda y Letras<\/li>\n<\/ul>\n<p><strong>Ilse Valencia \/ Gaceta UNAM<\/strong><\/p>\n<p>\u00bfQu\u00e9 significa cumplir 89? Para Marta Elena Guerra Trevi\u00f1o la respuesta es simple: doctorarse en la UNAM y seguir haciendo lo que le apasiona tanto, aprender. \u201cEs una satisfacci\u00f3n incre\u00edble el lograr una meta fijada tres d\u00e9cadas antes\u201d, expresa con una alegr\u00eda que envuelve la estancia del hogar que la ha visto crecer como profesionista, docente, mujer y madre.<\/p>\n<p>Hoy es la persona m\u00e1s longeva en obtener un doctorado en la Universidad Nacional, instituci\u00f3n en la que quiso formarse desde joven, pero a la que ingres\u00f3 hasta los 42 a\u00f1os, cuando comenz\u00f3 con la licenciatura en Lengua y Literaturas Modernas Inglesas (Letras Inglesas) en la Facultad de Filosof\u00eda y Letras (FFyL).<\/p>\n<div style=\"width: 696px;\" class=\"wp-video\"><video class=\"wp-video-shortcode\" id=\"video-2206-1\" width=\"696\" height=\"392\" preload=\"metadata\" controls=\"controls\"><source type=\"video\/mp4\" src=\"https:\/\/elmensajeromx.com\/wp-content\/uploads\/2026\/04\/Marta-Elena-Guerra.mp4?_=1\" \/><a href=\"https:\/\/elmensajeromx.com\/wp-content\/uploads\/2026\/04\/Marta-Elena-Guerra.mp4\">https:\/\/elmensajeromx.com\/wp-content\/uploads\/2026\/04\/Marta-Elena-Guerra.mp4<\/a><\/video><\/div>\n<h2><strong>Varios idiomas<\/strong><\/h2>\n<p>Marta Elena, la mayor de cuatro hermanos, ha sido una disciplinada del estudio desde ni\u00f1a. \u201cEn primer grado fui una alumna maravillosa. Despu\u00e9s mis calificaciones bajaron porque sal\u00edamos a las seis de la tarde y, como mi pap\u00e1 trabajaba en un banco, lleg\u00e1bamos a casa de noche y a esa hora deb\u00eda practicar piano. En cuarto de primaria cambiamos de colegio, sal\u00eda m\u00e1s temprano\u201d.<\/p>\n<p>Sus primeros acercamientos a las letras inglesas ocurrieron cuando estudi\u00f3 el\u00a0<em>high school<\/em>\u00a0en Estados Unidos. No obstante, siempre tuvo inter\u00e9s por aprender franc\u00e9s. \u201cMe mandaron a Canad\u00e1 y ah\u00ed me ense\u00f1aron franc\u00e9s, en ingl\u00e9s. Me encant\u00f3 y supe que era lo m\u00edo. Regres\u00e9 a M\u00e9xico a los 18 a\u00f1os para entrar a la UNAM, pero, \u00a1sorpresa!, la preparatoria que curs\u00e9 en el extranjero no se validaba aqu\u00ed\u201d.<\/p>\n<p>As\u00ed comenzaron sus primeras experiencias como profesora, vocaci\u00f3n que surgi\u00f3 en su ni\u00f1ez, cuando jugaba con sus hermanos y abuela a ser maestra. Ofreci\u00f3 lecciones gratuitas de franc\u00e9s en un colegio de monjas a cambio de que ellas la dejaran cursar el bachillerato por las ma\u00f1anas, pues por las tardes su padre no le permit\u00eda asistir a clases. \u201cEra un ser humano lind\u00edsimo, aunque tambi\u00e9n muy tradicional y r\u00edgido\u201d.<\/p>\n<p><a href=\"https:\/\/hoyxalapa.com\/wp-content\/uploads\/2026\/04\/Martha-Elena-Guerra.jpg\"><img loading=\"lazy\" decoding=\"async\" class=\"alignleft size-full wp-image-300050\" src=\"https:\/\/hoyxalapa.com\/wp-content\/uploads\/2026\/04\/Martha-Elena-Guerra.jpg\" alt=\"\" width=\"1048\" height=\"1501\" \/><\/a><\/p>\n<p>Al concluir, trabaj\u00f3 unos a\u00f1os y despu\u00e9s se cas\u00f3 con el cient\u00edfico y acad\u00e9mico de la UNAM Carlos del R\u00edo Estrada. Cuando el menor de sus hijos empez\u00f3 a ir a maternal, se emple\u00f3 como docente. \u201cPagaban mal y busqu\u00e9 hacer una carrera porque no pod\u00eda escalar laboralmente por falta de medios. Mi esposo me coment\u00f3 que reci\u00e9n empezaba el Sistema de Universidad Abierta (SUA). Entr\u00e9 a la licenciatura en 1979\u201d.<\/p>\n<h2><strong>Trayectoria en la Universidad<\/strong><\/h2>\n<p>Para Marta Elena Guerra, ingresar a la UNAM le provoc\u00f3 sentimientos encontrados. Por un lado, estaba feliz de convertirse en alumna, pero, por otro, sent\u00eda pavor de enfrentarse a un sistema nuevo y diferente para ella. Pese a querer dedicarse a las letras francesas, el destino la encamin\u00f3 a las inglesas, algo que al final disfrut\u00f3 gracias a que las y los maestros que le impartieron clases le dieron perspectivas diferentes sobre la vida.<\/p>\n<p>Al recorrer los pasillos de la biblioteca de la FFyL, que tantas veces frecuent\u00f3, recuerda con afecto los momentos que marcaron su trayectoria como estudiante. \u201cEn el primer semestre pens\u00e9 en abandonar porque se me complicaba entender c\u00f3mo funcionaba el SUA. Le expuse esto a una de mis profesoras, quien me plante\u00f3: \u2018si en tercer semestre te quieres ir, hazlo, antes no\u2019. Llegado el momento, ya no quise darme de baja, pues dos compa\u00f1eras me ayudaron a comprender c\u00f3mo estudiar y, a cambio, les ense\u00f1\u00e9 ingl\u00e9s. La Facultad se convirti\u00f3 en mi segundo hogar\u201d.<\/p>\n<p>Con su tenacidad y compromiso de siempre, criaba a sus cuatro hijos e hijas durante el d\u00eda y, por las noches e incluso madrugadas, se dedicaba a estudiar y a hacer tareas. Se titul\u00f3 con menci\u00f3n honor\u00edfica a los 46 a\u00f1os. Tres meses despu\u00e9s le ofrecieron trabajar como docente en el Departamento de Lenguas de la FFyL (DELEFyL), algo que hizo a lo largo de cuatro d\u00e9cadas. \u201cAl jubilarme tuve que renunciar a dar mis clases, que me encantaban. Esa experiencia me dej\u00f3 un gozo incre\u00edble\u201d.<\/p>\n<p>Su jovialidad, generosidad y calidez marcaron a cientos de estudiantes que tomaron Comprensi\u00f3n de Lectura en Ingl\u00e9s en el sistema que tanto se le hab\u00eda dificultado cursar a ella. Del mismo modo, dej\u00f3 huella en quienes colaboraron a su lado en el Departamento de Servicio Social e Idiomas del SUAFyL, donde tambi\u00e9n se desempe\u00f1\u00f3 durante 40 a\u00f1os.<\/p>\n<p>\u201cTen\u00edamos cub\u00edculos largos, angostos y sin puertas, les dec\u00edamos las caballerizas. Un d\u00eda llegu\u00e9 y me encontr\u00e9 con que ya no pod\u00eda ocupar el m\u00edo, hab\u00edan sacado mis cosas. Carlo, un compa\u00f1ero, me ofreci\u00f3 el suyo, pero me negu\u00e9 porque no cab\u00edamos ambos. \u00c9l insisti\u00f3: \u2018Yo me voy a la biblioteca. T\u00fa no puedes atender a alumnos a medio pasillo y sentada en el piso\u2019. Fue conmovedor porque dej\u00f3 todas sus pertenencias para d\u00e1rmelo a m\u00ed. A la fecha somos buenos amigos\u201d, rememora con cari\u00f1o.<\/p>\n<p>Su entusiasmo por crecer acad\u00e9micamente la llev\u00f3, en 1986, a hacer una maestr\u00eda en Letras Inglesas. \u201cTuve una profesora estupenda, egresada de Teatro, Luisa Josefina Hern\u00e1ndez. Gracias a ella, mi gusto por la literatura creci\u00f3. Curs\u00e9 18 meses m\u00e1s s\u00f3lo por tomar clases con ella, yo ya no ten\u00eda prisa\u201d.<\/p>\n<p>Cuando su esposo falleci\u00f3, Marta Elena Guerra Trevi\u00f1o encontr\u00f3 consuelo en la Universidad y, tiempo despu\u00e9s, elabor\u00f3 su tesis baj\u00f3 la direcci\u00f3n de Federico Pat\u00e1n. \u201cFue maravilloso trabajar con \u00e9l. El tema que desarroll\u00e9 fue sobre el totalitarismo en la literatura\u201d.<\/p>\n<p><a href=\"https:\/\/hoyxalapa.com\/wp-content\/uploads\/2026\/04\/Maria-Elena-Guerrea-4.jpg\"><img loading=\"lazy\" decoding=\"async\" class=\"alignleft size-full wp-image-300053\" src=\"https:\/\/hoyxalapa.com\/wp-content\/uploads\/2026\/04\/Maria-Elena-Guerrea-4.jpg\" alt=\"\" width=\"776\" height=\"239\" \/><\/a><\/p>\n<h2><strong>Vida unida a las aulas<\/strong><\/h2>\n<p>Motivada por demostrarse a s\u00ed misma que pod\u00eda obtener un grado m\u00e1s, Marta Elena aprovech\u00f3 su experiencia como docente para entrar al doctorado en Pedagog\u00eda. \u201cHice mi tesis sobre la institucionalizaci\u00f3n del DELEFyL. Me cost\u00f3 trabajo porque no soy muy ducha para la computaci\u00f3n, pero todo mundo me apoy\u00f3. Fue una simbiosis muy padre\u201d.<\/p>\n<p>El 13 de febrero de 2026 tom\u00f3 protesta y se convirti\u00f3 en la persona m\u00e1s longeva en doctorarse en la Universidad Nacional. \u201cLo logr\u00e9 ahora que ya no trabajo y que estoy jubilada, pues era algo que quer\u00eda hacer. Esperaba obtenerlo el d\u00eda de mi cumplea\u00f1os, el 20 de enero, pero por azares del destino fue un poco despu\u00e9s\u201d.<\/p>\n<p>Desbordada de alegr\u00eda y entre ramos de flores, Marta Elena recibi\u00f3 su t\u00edtulo el 8 de abril, acompa\u00f1ada de sus familiares y rodeada de amigas, compa\u00f1eras de trabajo, sinodales y de su asesora de tesis, Ileana Rojas, todas ellas mujeres que la han impulsado a alcanzar sus sue\u00f1os.<\/p>\n<p>El acto sirvi\u00f3 tambi\u00e9n como escenario para que Mary Frances Teresa Rodr\u00edguez Van Gort, directora de la Facultad de Filosof\u00eda y Letras; Ivonne Ram\u00edrez Wence, titular de la Direcci\u00f3n General de Administraci\u00f3n Escolar; Cecilia Silva Guti\u00e9rrez, coordinadora general de Estudios de Posgrado, y Ana Mar\u00eda Salmer\u00f3n Castro, responsable del posgrado en Pedagog\u00eda, reconocieran y honraran su trayectoria en la UNAM.<\/p>\n<p>Hoy, esta puma de coraz\u00f3n sigue uniendo su vida a las aulas. Enf\u00e1tica y sin atisbo de dudas, concluye: \u201cVoy a estudiar herbolaria porque ya me realic\u00e9 en lo que yo quer\u00eda y ahora esto es por gusto, para ver si puedo ayudar a los dem\u00e1s a que no tomen tanta pastilla\u201d.<\/p>\n<p><a href=\"https:\/\/hoyxalapa.com\/wp-content\/uploads\/2026\/04\/Marta-Elena-Guerra-3.jpg\"><img loading=\"lazy\" decoding=\"async\" class=\"alignleft size-full wp-image-300054\" src=\"https:\/\/hoyxalapa.com\/wp-content\/uploads\/2026\/04\/Marta-Elena-Guerra-3.jpg\" alt=\"\" width=\"990\" height=\"683\" \/><\/a><\/p>\n","protected":false},"excerpt":{"rendered":"<p>Marta Elena Guerra, la persona m\u00e1s longeva en obtener ese grado en la UNAM Durante cuatro d\u00e9cadas comparti\u00f3 sus conocimientos como docente en la Facultad de Filosof\u00eda y Letras Ilse Valencia \/ Gaceta UNAM \u00bfQu\u00e9 significa cumplir 89? Para Marta Elena Guerra Trevi\u00f1o la respuesta es simple: doctorarse en la UNAM y seguir haciendo lo [&hellip;]<\/p>\n","protected":false},"author":2,"featured_media":2208,"comment_status":"open","ping_status":"open","sticky":false,"template":"","format":"standard","meta":{"footnotes":""},"categories":[3,4],"tags":[],"class_list":{"0":"post-2206","1":"post","2":"type-post","3":"status-publish","4":"format-standard","5":"has-post-thumbnail","7":"category-principal","8":"category-veracruz"},"_links":{"self":[{"href":"https:\/\/elmensajeromx.com\/index.php?rest_route=\/wp\/v2\/posts\/2206","targetHints":{"allow":["GET"]}}],"collection":[{"href":"https:\/\/elmensajeromx.com\/index.php?rest_route=\/wp\/v2\/posts"}],"about":[{"href":"https:\/\/elmensajeromx.com\/index.php?rest_route=\/wp\/v2\/types\/post"}],"author":[{"embeddable":true,"href":"https:\/\/elmensajeromx.com\/index.php?rest_route=\/wp\/v2\/users\/2"}],"replies":[{"embeddable":true,"href":"https:\/\/elmensajeromx.com\/index.php?rest_route=%2Fwp%2Fv2%2Fcomments&post=2206"}],"version-history":[{"count":1,"href":"https:\/\/elmensajeromx.com\/index.php?rest_route=\/wp\/v2\/posts\/2206\/revisions"}],"predecessor-version":[{"id":2209,"href":"https:\/\/elmensajeromx.com\/index.php?rest_route=\/wp\/v2\/posts\/2206\/revisions\/2209"}],"wp:featuredmedia":[{"embeddable":true,"href":"https:\/\/elmensajeromx.com\/index.php?rest_route=\/wp\/v2\/media\/2208"}],"wp:attachment":[{"href":"https:\/\/elmensajeromx.com\/index.php?rest_route=%2Fwp%2Fv2%2Fmedia&parent=2206"}],"wp:term":[{"taxonomy":"category","embeddable":true,"href":"https:\/\/elmensajeromx.com\/index.php?rest_route=%2Fwp%2Fv2%2Fcategories&post=2206"},{"taxonomy":"post_tag","embeddable":true,"href":"https:\/\/elmensajeromx.com\/index.php?rest_route=%2Fwp%2Fv2%2Ftags&post=2206"}],"curies":[{"name":"wp","href":"https:\/\/api.w.org\/{rel}","templated":true}]}}