{"id":2205,"date":"2026-04-16T15:54:39","date_gmt":"2026-04-16T15:54:39","guid":{"rendered":"https:\/\/elmensajeromx.com\/?p=2205"},"modified":"2026-04-16T15:54:39","modified_gmt":"2026-04-16T15:54:39","slug":"jubilados-alzan-la-voz-en-xalapa-acusan-adeudos-en-seguros-y-falta-de-respuesta-del-gobierno","status":"publish","type":"post","link":"https:\/\/elmensajeromx.com\/?p=2205","title":{"rendered":"Jubilados alzan la voz en Xalapa; acusan adeudos en seguros y falta de respuesta del gobierno"},"content":{"rendered":"<section class=\"text-token-text-primary w-full focus:outline-none [--shadow-height:45px] has-data-writing-block:pointer-events-none has-data-writing-block:-mt-(--shadow-height) has-data-writing-block:pt-(--shadow-height) [&amp;:has([data-writing-block])&gt;*]:pointer-events-auto [content-visibility:auto] supports-[content-visibility:auto]:[contain-intrinsic-size:auto_100lvh] R6Vx5W_threadScrollVars scroll-mb-[calc(var(--scroll-root-safe-area-inset-bottom,0px)+var(--thread-response-height))] scroll-mt-[calc(var(--header-height)+min(200px,max(70px,20svh)))]\" dir=\"auto\" data-turn-id=\"request-WEB:9fde5b4b-9f28-4484-b04a-0c53224be171-20\" data-testid=\"conversation-turn-2\" data-scroll-anchor=\"false\" data-turn=\"assistant\">\n<div class=\"text-base my-auto mx-auto pb-10 [--thread-content-margin:var(--thread-content-margin-xs,calc(var(--spacing)*4))] @w-sm\/main:[--thread-content-margin:var(--thread-content-margin-sm,calc(var(--spacing)*6))] @w-lg\/main:[--thread-content-margin:var(--thread-content-margin-lg,calc(var(--spacing)*16))] px-(--thread-content-margin)\">\n<div class=\"[--thread-content-max-width:40rem] @w-lg\/main:[--thread-content-max-width:48rem] mx-auto max-w-(--thread-content-max-width) flex-1 group\/turn-messages focus-visible:outline-hidden relative flex w-full min-w-0 flex-col agent-turn\">\n<div class=\"flex max-w-full flex-col gap-4 grow\">\n<div class=\"min-h-8 text-message relative flex w-full flex-col items-end gap-2 text-start break-words whitespace-normal outline-none keyboard-focused:focus-ring [.text-message+&amp;]:mt-1\" dir=\"auto\" tabindex=\"0\" data-message-author-role=\"assistant\" data-message-id=\"733c0337-d879-4a2a-ad80-33351862ace2\" data-message-model-slug=\"gpt-5-3\" data-turn-start-message=\"true\">\n<div class=\"flex w-full flex-col gap-1 empty:hidden\">\n<div class=\"markdown prose dark:prose-invert w-full wrap-break-word light markdown-new-styling\">\n<p data-start=\"2772\" data-end=\"3032\">Xalapa, Ver., 16 de abril de 2026.\u2013 Jubilados y pensionados del ISSSTE en Veracruz denunciaron p\u00fablicamente el incumplimiento en el pago de seguros institucionales, as\u00ed como presuntas irregularidades en el manejo de aseguradoras vinculadas al gobierno estatal.<\/p>\n<p data-start=\"3034\" data-end=\"3352\">Desde el centro de la capital veracruzana, integrantes de la Agrupaci\u00f3n de Jubilados y Pensionados del ISSSTE en Veracruz (AJUPIV) aseguraron que no hay claridad en la operaci\u00f3n de las empresas responsables, e incluso se\u00f1alaron que una habr\u00eda sido sustituida por otra sin garantizar el cumplimiento de los compromisos.<\/p>\n<p data-start=\"3354\" data-end=\"3626\">Durante la conferencia, encabezada por H\u00e9ctor Trivera Galicia, Rodolfo Su\u00e1rez y Susana Su\u00e1rez Hern\u00e1ndez, se advirti\u00f3 que esta situaci\u00f3n pone en riesgo el patrimonio de jubilados y sus familias, adem\u00e1s de que podr\u00eda implicar posibles irregularidades que deben investigarse.<\/p>\n<p data-start=\"3628\" data-end=\"3847\">Los inconformes reclamaron que, pese a manifestaciones realizadas anteriormente, no han recibido respuestas claras ni soluciones concretas por parte de las autoridades. \u201cNos enga\u00f1aron, no es la primera vez\u201d, expresaron.<\/p>\n<p data-start=\"3849\" data-end=\"4085\">Entre sus demandas, exigieron que se contrate de inmediato una aseguradora formal, que se paguen los seguros pendientes \u2014incluidos casos de fallecimientos registrados desde 2022\u2014 y que se revisen los esquemas que consideran irregulares.<\/p>\n<p data-start=\"4087\" data-end=\"4276\">Los jubilados se\u00f1alaron que el retraso en los pagos ha afectado directamente a familias que, tras la muerte de sus seres queridos, no han recibido el respaldo econ\u00f3mico que les corresponde.<\/p>\n<p data-start=\"4278\" data-end=\"4422\">Ante la falta de avances, advirtieron que continuar\u00e1n con protestas y movilizaciones para presionar a las autoridades y visibilizar el problema.<\/p>\n<p data-start=\"4424\" data-end=\"4596\" data-is-last-node=\"\" data-is-only-node=\"\">Finalmente, enfatizaron que esta situaci\u00f3n no solo impacta a quienes ya est\u00e1n retirados, sino que tambi\u00e9n podr\u00eda afectar a trabajadores en activo si no se corrige a tiempo.<\/p>\n<\/div>\n<\/div>\n<\/div>\n<\/div>\n<div class=\"z-0 flex min-h-[46px] justify-start\"><\/div>\n<div class=\"mt-3 w-full empty:hidden\">\n<div class=\"text-center\"><\/div>\n<\/div>\n<\/div>\n<\/div>\n<\/section>\n<div class=\"pointer-events-none -mt-px h-px translate-y-[calc(var(--scroll-root-safe-area-inset-bottom)-14*var(--spacing))]\" aria-hidden=\"true\"><\/div>\n","protected":false},"excerpt":{"rendered":"<p>Xalapa, Ver., 16 de abril de 2026.\u2013 Jubilados y pensionados del ISSSTE en Veracruz denunciaron p\u00fablicamente el incumplimiento en el pago de seguros institucionales, as\u00ed como presuntas irregularidades en el manejo de aseguradoras vinculadas al gobierno estatal. Desde el centro de la capital veracruzana, integrantes de la Agrupaci\u00f3n de Jubilados y Pensionados del ISSSTE en [&hellip;]<\/p>\n","protected":false},"author":3,"featured_media":2210,"comment_status":"open","ping_status":"open","sticky":false,"template":"","format":"standard","meta":{"footnotes":""},"categories":[3],"tags":[],"class_list":{"0":"post-2205","1":"post","2":"type-post","3":"status-publish","4":"format-standard","5":"has-post-thumbnail","7":"category-principal"},"_links":{"self":[{"href":"https:\/\/elmensajeromx.com\/index.php?rest_route=\/wp\/v2\/posts\/2205","targetHints":{"allow":["GET"]}}],"collection":[{"href":"https:\/\/elmensajeromx.com\/index.php?rest_route=\/wp\/v2\/posts"}],"about":[{"href":"https:\/\/elmensajeromx.com\/index.php?rest_route=\/wp\/v2\/types\/post"}],"author":[{"embeddable":true,"href":"https:\/\/elmensajeromx.com\/index.php?rest_route=\/wp\/v2\/users\/3"}],"replies":[{"embeddable":true,"href":"https:\/\/elmensajeromx.com\/index.php?rest_route=%2Fwp%2Fv2%2Fcomments&post=2205"}],"version-history":[{"count":1,"href":"https:\/\/elmensajeromx.com\/index.php?rest_route=\/wp\/v2\/posts\/2205\/revisions"}],"predecessor-version":[{"id":2211,"href":"https:\/\/elmensajeromx.com\/index.php?rest_route=\/wp\/v2\/posts\/2205\/revisions\/2211"}],"wp:featuredmedia":[{"embeddable":true,"href":"https:\/\/elmensajeromx.com\/index.php?rest_route=\/wp\/v2\/media\/2210"}],"wp:attachment":[{"href":"https:\/\/elmensajeromx.com\/index.php?rest_route=%2Fwp%2Fv2%2Fmedia&parent=2205"}],"wp:term":[{"taxonomy":"category","embeddable":true,"href":"https:\/\/elmensajeromx.com\/index.php?rest_route=%2Fwp%2Fv2%2Fcategories&post=2205"},{"taxonomy":"post_tag","embeddable":true,"href":"https:\/\/elmensajeromx.com\/index.php?rest_route=%2Fwp%2Fv2%2Ftags&post=2205"}],"curies":[{"name":"wp","href":"https:\/\/api.w.org\/{rel}","templated":true}]}}