{"id":1905,"date":"2026-04-10T18:41:14","date_gmt":"2026-04-10T18:41:14","guid":{"rendered":"https:\/\/elmensajeromx.com\/?p=1905"},"modified":"2026-04-10T18:41:14","modified_gmt":"2026-04-10T18:41:14","slug":"cafetaleros-se-manifiestan-en-xalapa-piden-frenar-importaciones-y-apoyos-urgentes","status":"publish","type":"post","link":"https:\/\/elmensajeromx.com\/?p=1905","title":{"rendered":"Cafetaleros se manifiestan en Xalapa; piden frenar importaciones y apoyos urgentes"},"content":{"rendered":"<p data-start=\"2198\" data-end=\"2450\">Xalapa, Ver., 10 de abril de 2026.\u2014 Cafetaleros de Coatepec y otras regiones del estado se manifestaron en el parque Ju\u00e1rez de Xalapa para exigir soluciones ante la crisis que enfrenta el sector, en el marco del aniversario luctuoso de Emiliano Zapata.<\/p>\n<p data-start=\"2452\" data-end=\"2633\">Los productores denunciaron que las importaciones de caf\u00e9 barato, principalmente tipo Robusta, est\u00e1n afectando directamente a los productores locales al generar competencia desleal.<\/p>\n<p data-start=\"2635\" data-end=\"2873\">Cirilo Elotl\u00e1n D\u00edaz, representante del gremio, explic\u00f3 que la situaci\u00f3n se ha complicado tambi\u00e9n por la falta de apoyos y por los da\u00f1os causados por la roya, plaga que impact\u00f3 cerca del 40 por ciento de la producci\u00f3n en la \u00faltima cosecha.<\/p>\n<p data-start=\"2875\" data-end=\"3044\">Entre sus principales demandas, pidieron imponer aranceles a las importaciones, evitar que caf\u00e9 extranjero se venda como nacional y promover el consumo de caf\u00e9 mexicano.<\/p>\n<p data-start=\"3046\" data-end=\"3204\">Tambi\u00e9n solicitaron apoyos econ\u00f3micos por hect\u00e1rea, programas de renovaci\u00f3n de cafetales y la creaci\u00f3n de un fondo nacional que permita rescatar la actividad.<\/p>\n<p data-start=\"3206\" data-end=\"3373\">Los manifestantes se\u00f1alaron que en Veracruz existen unas 60 mil hect\u00e1reas de caf\u00e9, de las cuales una gran parte ha sido afectada, lo que agrava la situaci\u00f3n del campo.<\/p>\n<p data-start=\"3375\" data-end=\"3542\" data-is-last-node=\"\" data-is-only-node=\"\">La movilizaci\u00f3n reuni\u00f3 a diversas organizaciones cafetaleras, que hicieron un llamado a la unidad para enfrentar la crisis y exigir mejores condiciones para el sector.<\/p>\n","protected":false},"excerpt":{"rendered":"<p>Xalapa, Ver., 10 de abril de 2026.\u2014 Cafetaleros de Coatepec y otras regiones del estado se manifestaron en el parque Ju\u00e1rez de Xalapa para exigir soluciones ante la crisis que enfrenta el sector, en el marco del aniversario luctuoso de Emiliano Zapata. Los productores denunciaron que las importaciones de caf\u00e9 barato, principalmente tipo Robusta, est\u00e1n [&hellip;]<\/p>\n","protected":false},"author":3,"featured_media":1906,"comment_status":"open","ping_status":"open","sticky":false,"template":"","format":"standard","meta":{"footnotes":""},"categories":[3],"tags":[],"class_list":{"0":"post-1905","1":"post","2":"type-post","3":"status-publish","4":"format-standard","5":"has-post-thumbnail","7":"category-principal"},"_links":{"self":[{"href":"https:\/\/elmensajeromx.com\/index.php?rest_route=\/wp\/v2\/posts\/1905","targetHints":{"allow":["GET"]}}],"collection":[{"href":"https:\/\/elmensajeromx.com\/index.php?rest_route=\/wp\/v2\/posts"}],"about":[{"href":"https:\/\/elmensajeromx.com\/index.php?rest_route=\/wp\/v2\/types\/post"}],"author":[{"embeddable":true,"href":"https:\/\/elmensajeromx.com\/index.php?rest_route=\/wp\/v2\/users\/3"}],"replies":[{"embeddable":true,"href":"https:\/\/elmensajeromx.com\/index.php?rest_route=%2Fwp%2Fv2%2Fcomments&post=1905"}],"version-history":[{"count":1,"href":"https:\/\/elmensajeromx.com\/index.php?rest_route=\/wp\/v2\/posts\/1905\/revisions"}],"predecessor-version":[{"id":1907,"href":"https:\/\/elmensajeromx.com\/index.php?rest_route=\/wp\/v2\/posts\/1905\/revisions\/1907"}],"wp:featuredmedia":[{"embeddable":true,"href":"https:\/\/elmensajeromx.com\/index.php?rest_route=\/wp\/v2\/media\/1906"}],"wp:attachment":[{"href":"https:\/\/elmensajeromx.com\/index.php?rest_route=%2Fwp%2Fv2%2Fmedia&parent=1905"}],"wp:term":[{"taxonomy":"category","embeddable":true,"href":"https:\/\/elmensajeromx.com\/index.php?rest_route=%2Fwp%2Fv2%2Fcategories&post=1905"},{"taxonomy":"post_tag","embeddable":true,"href":"https:\/\/elmensajeromx.com\/index.php?rest_route=%2Fwp%2Fv2%2Ftags&post=1905"}],"curies":[{"name":"wp","href":"https:\/\/api.w.org\/{rel}","templated":true}]}}