{"id":1902,"date":"2026-04-10T18:36:15","date_gmt":"2026-04-10T18:36:15","guid":{"rendered":"https:\/\/elmensajeromx.com\/?p=1902"},"modified":"2026-04-10T18:36:15","modified_gmt":"2026-04-10T18:36:15","slug":"campesinos-protestan-en-xalapa-acusan-abandono-del-campo-y-falta-de-apoyos","status":"publish","type":"post","link":"https:\/\/elmensajeromx.com\/?p=1902","title":{"rendered":"Campesinos protestan en Xalapa; acusan abandono del campo y falta de apoyos"},"content":{"rendered":"<div class=\"flex flex-col text-sm pb-25\">\n<section class=\"text-token-text-primary w-full focus:outline-none [--shadow-height:45px] has-data-writing-block:pointer-events-none has-data-writing-block:-mt-(--shadow-height) has-data-writing-block:pt-(--shadow-height) [&amp;:has([data-writing-block])&gt;*]:pointer-events-auto scroll-mt-[calc(var(--header-height)+min(200px,max(70px,20svh)))]\" dir=\"auto\" data-turn-id=\"request-WEB:4a48c838-3501-499c-a5be-e9a9241f83e7-4\" data-testid=\"conversation-turn-6\" data-scroll-anchor=\"true\" data-turn=\"assistant\">\n<div class=\"text-base my-auto mx-auto pb-10 [--thread-content-margin:var(--thread-content-margin-xs,calc(var(--spacing)*4))] @w-sm\/main:[--thread-content-margin:var(--thread-content-margin-sm,calc(var(--spacing)*6))] @w-lg\/main:[--thread-content-margin:var(--thread-content-margin-lg,calc(var(--spacing)*16))] px-(--thread-content-margin)\">\n<div class=\"[--thread-content-max-width:40rem] @w-lg\/main:[--thread-content-max-width:48rem] mx-auto max-w-(--thread-content-max-width) flex-1 group\/turn-messages focus-visible:outline-hidden relative flex w-full min-w-0 flex-col agent-turn\">\n<div class=\"flex max-w-full flex-col gap-4 grow\">\n<div class=\"min-h-8 text-message relative flex w-full flex-col items-end gap-2 text-start break-words whitespace-normal outline-none keyboard-focused:focus-ring [.text-message+&amp;]:mt-1\" dir=\"auto\" tabindex=\"0\" data-message-author-role=\"assistant\" data-message-id=\"115f737a-f6e6-4b3c-aa9d-a9be1e50b1e0\" data-message-model-slug=\"gpt-5-3\" data-turn-start-message=\"true\">\n<div class=\"flex w-full flex-col gap-1 empty:hidden\">\n<div class=\"markdown prose dark:prose-invert w-full wrap-break-word light markdown-new-styling\">\n<p data-start=\"2174\" data-end=\"2437\">Xalapa, Ver., 10 de abril de 2026.\u2014 Integrantes de la Uni\u00f3n Nacional de Trabajadores Agr\u00edcolas (UNTA) salieron a las calles de Xalapa para manifestarse y denunciar que el campo mexicano atraviesa una situaci\u00f3n cr\u00edtica por falta de apoyos y atenci\u00f3n gubernamental.<\/p>\n<p data-start=\"2439\" data-end=\"2641\">En el marco del aniversario luctuoso de Emiliano Zapata, los campesinos se\u00f1alaron que llevan m\u00e1s de 35 a\u00f1os enfrentando abandono, sin que los programas realmente beneficien a quienes trabajan la tierra.<\/p>\n<p data-start=\"2643\" data-end=\"2823\">Alberto Contreras Hern\u00e1ndez, delegado de la organizaci\u00f3n en Veracruz, acus\u00f3 que los apoyos se entregan de forma discrecional y con favoritismos, dejando fuera a productores reales.<\/p>\n<p data-start=\"2825\" data-end=\"3050\">Entre los problemas m\u00e1s urgentes, mencion\u00f3 la ca\u00edda del precio del caf\u00e9, que pas\u00f3 de 21 a 14 pesos por kilo, as\u00ed como la falta de impulso para que los productores puedan vender su caf\u00e9 tostado y molido y mejorar sus ingresos.<\/p>\n<p data-start=\"3052\" data-end=\"3242\">Tambi\u00e9n denunciaron proyectos detenidos desde hace a\u00f1os, como sistemas de captaci\u00f3n de agua en municipios como Tlaltetela y Puente Nacional, adem\u00e1s de retrasos en cr\u00e9ditos y apoyos sociales.<\/p>\n<p data-start=\"3244\" data-end=\"3410\">Los manifestantes criticaron adem\u00e1s irregularidades en censos oficiales y la falta de di\u00e1logo con autoridades, ya que incluso reuniones programadas fueron canceladas.<\/p>\n<p data-start=\"3412\" data-end=\"3579\">Ante la falta de respuesta, advirtieron que podr\u00edan endurecer sus protestas en los pr\u00f3ximos d\u00edas, aunque insistieron en que buscan soluciones y respeto a sus derechos.<\/p>\n<p data-start=\"3581\" data-end=\"3744\" data-is-last-node=\"\" data-is-only-node=\"\">Finalmente, alertaron que el campo enfrenta una crisis profunda, marcada por la salida de j\u00f3venes de las actividades agr\u00edcolas, lo que agrava a\u00fan m\u00e1s la situaci\u00f3n.<\/p>\n<\/div>\n<\/div>\n<\/div>\n<\/div>\n<div class=\"z-0 flex min-h-[46px] justify-start\"><\/div>\n<div class=\"mt-3 w-full empty:hidden\">\n<div class=\"text-center\"><\/div>\n<\/div>\n<\/div>\n<\/div>\n<\/section>\n<\/div>\n<div class=\"pointer-events-none h-px w-px absolute bottom-0\" aria-hidden=\"true\" data-edge=\"true\"><\/div>\n","protected":false},"excerpt":{"rendered":"<p>Xalapa, Ver., 10 de abril de 2026.\u2014 Integrantes de la Uni\u00f3n Nacional de Trabajadores Agr\u00edcolas (UNTA) salieron a las calles de Xalapa para manifestarse y denunciar que el campo mexicano atraviesa una situaci\u00f3n cr\u00edtica por falta de apoyos y atenci\u00f3n gubernamental. En el marco del aniversario luctuoso de Emiliano Zapata, los campesinos se\u00f1alaron que llevan [&hellip;]<\/p>\n","protected":false},"author":3,"featured_media":1903,"comment_status":"open","ping_status":"open","sticky":false,"template":"","format":"standard","meta":{"footnotes":""},"categories":[3],"tags":[],"class_list":{"0":"post-1902","1":"post","2":"type-post","3":"status-publish","4":"format-standard","5":"has-post-thumbnail","7":"category-principal"},"_links":{"self":[{"href":"https:\/\/elmensajeromx.com\/index.php?rest_route=\/wp\/v2\/posts\/1902","targetHints":{"allow":["GET"]}}],"collection":[{"href":"https:\/\/elmensajeromx.com\/index.php?rest_route=\/wp\/v2\/posts"}],"about":[{"href":"https:\/\/elmensajeromx.com\/index.php?rest_route=\/wp\/v2\/types\/post"}],"author":[{"embeddable":true,"href":"https:\/\/elmensajeromx.com\/index.php?rest_route=\/wp\/v2\/users\/3"}],"replies":[{"embeddable":true,"href":"https:\/\/elmensajeromx.com\/index.php?rest_route=%2Fwp%2Fv2%2Fcomments&post=1902"}],"version-history":[{"count":1,"href":"https:\/\/elmensajeromx.com\/index.php?rest_route=\/wp\/v2\/posts\/1902\/revisions"}],"predecessor-version":[{"id":1904,"href":"https:\/\/elmensajeromx.com\/index.php?rest_route=\/wp\/v2\/posts\/1902\/revisions\/1904"}],"wp:featuredmedia":[{"embeddable":true,"href":"https:\/\/elmensajeromx.com\/index.php?rest_route=\/wp\/v2\/media\/1903"}],"wp:attachment":[{"href":"https:\/\/elmensajeromx.com\/index.php?rest_route=%2Fwp%2Fv2%2Fmedia&parent=1902"}],"wp:term":[{"taxonomy":"category","embeddable":true,"href":"https:\/\/elmensajeromx.com\/index.php?rest_route=%2Fwp%2Fv2%2Fcategories&post=1902"},{"taxonomy":"post_tag","embeddable":true,"href":"https:\/\/elmensajeromx.com\/index.php?rest_route=%2Fwp%2Fv2%2Ftags&post=1902"}],"curies":[{"name":"wp","href":"https:\/\/api.w.org\/{rel}","templated":true}]}}