{"id":1832,"date":"2026-04-09T17:30:03","date_gmt":"2026-04-09T17:30:03","guid":{"rendered":"https:\/\/elmensajeromx.com\/?p=1832"},"modified":"2026-04-09T17:30:03","modified_gmt":"2026-04-09T17:30:03","slug":"sheinbaum-analiza-uso-de-fracking-para-reducir-dependencia-de-gas-natural","status":"publish","type":"post","link":"https:\/\/elmensajeromx.com\/?p=1832","title":{"rendered":"Sheinbaum analiza uso de fracking para reducir dependencia de gas natural"},"content":{"rendered":"<p data-start=\"201\" data-end=\"580\">El gobierno federal, encabezado por la presidenta <span class=\"hover:entity-accent entity-underline inline cursor-pointer align-baseline\"><span class=\"whitespace-normal\">Claudia Sheinbaum<\/span><\/span>, analiza la posibilidad de impulsar la producci\u00f3n de gas natural mediante t\u00e9cnicas de fractura hidr\u00e1ulica (fracking), con el objetivo de reducir la alta dependencia de importaciones provenientes de Estados Unidos, que actualmente representan alrededor del 75 por ciento del consumo nacional.<\/p>\n<p>Durante su posicionamiento, la mandataria subray\u00f3 que la decisi\u00f3n deber\u00e1 equilibrar la soberan\u00eda energ\u00e9tica, el desarrollo econ\u00f3mico y la protecci\u00f3n ambiental, por lo que se conformar\u00e1 un comit\u00e9 cient\u00edfico integrado por especialistas en agua, geolog\u00eda, sustentabilidad y medio ambiente, cuyos resultados se dar\u00e1n a conocer en un plazo de dos meses.<\/p>\n<p>Por su parte, la titular de la Secretar\u00eda de Energ\u00eda, Luz Elena Gonz\u00e1lez, explic\u00f3 que M\u00e9xico consume aproximadamente 9 mil millones de pies c\u00fabicos de gas natural, de los cuales solo 2 mil 300 millones son producidos por Petr\u00f3leos Mexicanos (Pemex), mientras que el resto se importa, principalmente desde Texas.<\/p>\n<p>El director de Pemex, V\u00edctor Rodr\u00edguez, detall\u00f3 que el pa\u00eds cuenta con importantes reservas tanto en yacimientos convencionales como no convencionales, destacando que estos \u00faltimos superan los 141 mil millones de pies c\u00fabicos. Asimismo, proyect\u00f3 que la producci\u00f3n nacional podr\u00eda incrementarse significativamente hacia 2030 y en la pr\u00f3xima d\u00e9cada.<\/p>\n<p>No obstante, la posible adopci\u00f3n del fracking ha generado posturas encontradas. Mientras especialistas del sector energ\u00e9tico consideran que esta t\u00e9cnica es viable para alcanzar mayor autosuficiencia, organizaciones ambientalistas advierten sobre sus impactos negativos.<\/p>\n<p>Alma Am\u00e9rica Porres, ex comisionada de la Comisi\u00f3n Nacional de Hidrocarburos, sostuvo que el fracking representa la mejor alternativa para aprovechar los recursos no convencionales, siempre que se aplique con estricta regulaci\u00f3n ambiental.<\/p>\n<p>En contraste, organizaciones como la Alianza Mexicana contra el Fracking y CartoCr\u00edtica se\u00f1alaron que esta t\u00e9cnica implica altos costos econ\u00f3micos y energ\u00e9ticos, adem\u00e1s de riesgos ambientales, como el uso intensivo de agua y emisiones de metano, lo que cuestiona su viabilidad.<\/p>\n<p>El debate se mantiene abierto, en un contexto donde el gobierno federal busca fortalecer la soberan\u00eda energ\u00e9tica sin comprometer los objetivos ambientales de largo plazo.<\/p>\n","protected":false},"excerpt":{"rendered":"<p>El gobierno federal, encabezado por la presidenta Claudia Sheinbaum, analiza la posibilidad de impulsar la producci\u00f3n de gas natural mediante t\u00e9cnicas de fractura hidr\u00e1ulica (fracking), con el objetivo de reducir la alta dependencia de importaciones provenientes de Estados Unidos, que actualmente representan alrededor del 75 por ciento del consumo nacional. Durante su posicionamiento, la mandataria [&hellip;]<\/p>\n","protected":false},"author":3,"featured_media":1834,"comment_status":"open","ping_status":"open","sticky":false,"template":"","format":"standard","meta":{"footnotes":""},"categories":[11,3],"tags":[],"class_list":{"0":"post-1832","1":"post","2":"type-post","3":"status-publish","4":"format-standard","5":"has-post-thumbnail","7":"category-gobierno-de-la-republica","8":"category-principal"},"_links":{"self":[{"href":"https:\/\/elmensajeromx.com\/index.php?rest_route=\/wp\/v2\/posts\/1832","targetHints":{"allow":["GET"]}}],"collection":[{"href":"https:\/\/elmensajeromx.com\/index.php?rest_route=\/wp\/v2\/posts"}],"about":[{"href":"https:\/\/elmensajeromx.com\/index.php?rest_route=\/wp\/v2\/types\/post"}],"author":[{"embeddable":true,"href":"https:\/\/elmensajeromx.com\/index.php?rest_route=\/wp\/v2\/users\/3"}],"replies":[{"embeddable":true,"href":"https:\/\/elmensajeromx.com\/index.php?rest_route=%2Fwp%2Fv2%2Fcomments&post=1832"}],"version-history":[{"count":1,"href":"https:\/\/elmensajeromx.com\/index.php?rest_route=\/wp\/v2\/posts\/1832\/revisions"}],"predecessor-version":[{"id":1836,"href":"https:\/\/elmensajeromx.com\/index.php?rest_route=\/wp\/v2\/posts\/1832\/revisions\/1836"}],"wp:featuredmedia":[{"embeddable":true,"href":"https:\/\/elmensajeromx.com\/index.php?rest_route=\/wp\/v2\/media\/1834"}],"wp:attachment":[{"href":"https:\/\/elmensajeromx.com\/index.php?rest_route=%2Fwp%2Fv2%2Fmedia&parent=1832"}],"wp:term":[{"taxonomy":"category","embeddable":true,"href":"https:\/\/elmensajeromx.com\/index.php?rest_route=%2Fwp%2Fv2%2Fcategories&post=1832"},{"taxonomy":"post_tag","embeddable":true,"href":"https:\/\/elmensajeromx.com\/index.php?rest_route=%2Fwp%2Fv2%2Ftags&post=1832"}],"curies":[{"name":"wp","href":"https:\/\/api.w.org\/{rel}","templated":true}]}}