{"id":1791,"date":"2026-04-08T20:16:01","date_gmt":"2026-04-08T20:16:01","guid":{"rendered":"https:\/\/elmensajeromx.com\/?p=1791"},"modified":"2026-04-08T20:16:01","modified_gmt":"2026-04-08T20:16:01","slug":"designan-a-roberto-velasco-como-nuevo-canciller-de-mexico-senado-lo-avala-en-comisiones","status":"publish","type":"post","link":"https:\/\/elmensajeromx.com\/?p=1791","title":{"rendered":"Designan a Roberto Velasco como nuevo canciller de M\u00e9xico; Senado lo avala en comisiones"},"content":{"rendered":"<p data-start=\"2570\" data-end=\"2797\">Ciudad de M\u00e9xico.\u2014 El nombramiento de <span class=\"hover:entity-accent entity-underline inline cursor-pointer align-baseline\"><span class=\"whitespace-normal\">Roberto Velasco \u00c1lvarez<\/span><\/span> como nuevo secretario de Relaciones Exteriores dio un paso clave, luego de ser aprobado en comisiones del Senado con 17 votos a favor y tres en contra.<\/p>\n<p data-start=\"2799\" data-end=\"2911\">Velasco llega en sustituci\u00f3n de <span class=\"hover:entity-accent entity-underline inline cursor-pointer align-baseline\"><span class=\"whitespace-normal\">Juan Ram\u00f3n de la Fuente<\/span><\/span>, quien dej\u00f3 el cargo por motivos de salud.<\/p>\n<p data-start=\"2913\" data-end=\"3121\">Durante su comparecencia, el nuevo canciller fue claro al se\u00f1alar que el gobierno mexicano no niega la crisis de desapariciones, pero tambi\u00e9n marc\u00f3 distancia con el trabajo del comit\u00e9 de la ONU en la materia.<\/p>\n<p data-start=\"3123\" data-end=\"3325\">Asegur\u00f3 que existe empat\u00eda total con las madres buscadoras y que el compromiso del Estado es seguir atendiendo el problema, aunque cuestion\u00f3 que el organismo internacional est\u00e9 excediendo sus funciones.<\/p>\n<p data-start=\"3327\" data-end=\"3504\">En cuanto a su agenda, adelant\u00f3 que dar\u00e1 continuidad a temas clave como la relaci\u00f3n con Estados Unidos, la migraci\u00f3n, la seguridad, el comercio y el combate al tr\u00e1fico de armas.<\/p>\n<p data-start=\"3506\" data-end=\"3680\">Tambi\u00e9n mencion\u00f3 que se mantendr\u00e1 la defensa de M\u00e9xico en casos recientes, como el conflicto diplom\u00e1tico con Ecuador y la situaci\u00f3n de migrantes en territorio estadounidense.<\/p>\n<p data-start=\"3682\" data-end=\"3937\">Aunque recibi\u00f3 respaldo mayoritario, no estuvo exento de cr\u00edticas. El panista <span class=\"hover:entity-accent entity-underline inline cursor-pointer align-baseline\"><span class=\"whitespace-normal\">Francisco Ram\u00edrez Acu\u00f1a<\/span><\/span> y los priistas <span class=\"hover:entity-accent entity-underline inline cursor-pointer align-baseline\"><span class=\"whitespace-normal\">Alejandro Moreno C\u00e1rdenas<\/span><\/span> y <span class=\"hover:entity-accent entity-underline inline cursor-pointer align-baseline\"><span class=\"whitespace-normal\">Manuel A\u00f1orve<\/span><\/span> votaron en contra, pese a reconocer su perfil.<\/p>\n<p data-start=\"3939\" data-end=\"4147\">Velasco \u00c1lvarez es considerado uno de los cuadros j\u00f3venes m\u00e1s s\u00f3lidos en pol\u00edtica exterior, con experiencia directa en la relaci\u00f3n con Am\u00e9rica del Norte y una trayectoria consolidada dentro de la canciller\u00eda.<\/p>\n<p data-start=\"4149\" data-end=\"4265\" data-is-last-node=\"\" data-is-only-node=\"\">Su nombramiento ser\u00e1 votado en el pleno del Senado en las pr\u00f3ximas horas, donde se prev\u00e9 su ratificaci\u00f3n definitiva.<\/p>\n<p data-start=\"4149\" data-end=\"4265\" data-is-last-node=\"\" data-is-only-node=\"\"><strong><em>Con informaci\u00f3n de Exc\u00e9lsior.<\/em><\/strong><\/p>\n","protected":false},"excerpt":{"rendered":"<p>Ciudad de M\u00e9xico.\u2014 El nombramiento de Roberto Velasco \u00c1lvarez como nuevo secretario de Relaciones Exteriores dio un paso clave, luego de ser aprobado en comisiones del Senado con 17 votos a favor y tres en contra. Velasco llega en sustituci\u00f3n de Juan Ram\u00f3n de la Fuente, quien dej\u00f3 el cargo por motivos de salud. Durante [&hellip;]<\/p>\n","protected":false},"author":3,"featured_media":1792,"comment_status":"open","ping_status":"open","sticky":false,"template":"","format":"standard","meta":{"footnotes":""},"categories":[11,3],"tags":[],"class_list":{"0":"post-1791","1":"post","2":"type-post","3":"status-publish","4":"format-standard","5":"has-post-thumbnail","7":"category-gobierno-de-la-republica","8":"category-principal"},"_links":{"self":[{"href":"https:\/\/elmensajeromx.com\/index.php?rest_route=\/wp\/v2\/posts\/1791","targetHints":{"allow":["GET"]}}],"collection":[{"href":"https:\/\/elmensajeromx.com\/index.php?rest_route=\/wp\/v2\/posts"}],"about":[{"href":"https:\/\/elmensajeromx.com\/index.php?rest_route=\/wp\/v2\/types\/post"}],"author":[{"embeddable":true,"href":"https:\/\/elmensajeromx.com\/index.php?rest_route=\/wp\/v2\/users\/3"}],"replies":[{"embeddable":true,"href":"https:\/\/elmensajeromx.com\/index.php?rest_route=%2Fwp%2Fv2%2Fcomments&post=1791"}],"version-history":[{"count":1,"href":"https:\/\/elmensajeromx.com\/index.php?rest_route=\/wp\/v2\/posts\/1791\/revisions"}],"predecessor-version":[{"id":1793,"href":"https:\/\/elmensajeromx.com\/index.php?rest_route=\/wp\/v2\/posts\/1791\/revisions\/1793"}],"wp:featuredmedia":[{"embeddable":true,"href":"https:\/\/elmensajeromx.com\/index.php?rest_route=\/wp\/v2\/media\/1792"}],"wp:attachment":[{"href":"https:\/\/elmensajeromx.com\/index.php?rest_route=%2Fwp%2Fv2%2Fmedia&parent=1791"}],"wp:term":[{"taxonomy":"category","embeddable":true,"href":"https:\/\/elmensajeromx.com\/index.php?rest_route=%2Fwp%2Fv2%2Fcategories&post=1791"},{"taxonomy":"post_tag","embeddable":true,"href":"https:\/\/elmensajeromx.com\/index.php?rest_route=%2Fwp%2Fv2%2Ftags&post=1791"}],"curies":[{"name":"wp","href":"https:\/\/api.w.org\/{rel}","templated":true}]}}