{"id":1769,"date":"2026-04-08T06:08:29","date_gmt":"2026-04-08T06:08:29","guid":{"rendered":"https:\/\/elmensajeromx.com\/?p=1769"},"modified":"2026-04-08T06:08:29","modified_gmt":"2026-04-08T06:08:29","slug":"contrasenas-10","status":"publish","type":"post","link":"https:\/\/elmensajeromx.com\/?p=1769","title":{"rendered":"CONTRASE\u00d1AS"},"content":{"rendered":"<p>+ Derrame de hidrocarburos, tema federal que ha intentado manchar a Veracruz.<\/p>\n<p>+ UV aportar\u00e1 conocimiento cient\u00edfico para atender esta situaci\u00f3n.<\/p>\n<p>+ Fortalezas del Sindicato Independiente Magisterial Veracruzano (SIMAVER).<\/p>\n<p><strong>Miguel Valera<\/strong><\/p>\n<p>El tema del derrame de hidrocarburos en el Golfo de M\u00e9xico, que se ha politizado sobremanera, intentando manchar las entidades de Veracruz, Tabasco y Tamaulipas, cuyos gobiernos, dicho sea de paso, se han sumado a las tareas de la federaci\u00f3n, con cuadrillas, recursos y equipos t\u00e9cnicos, ha despertado tambi\u00e9n el inter\u00e9s de la comunidad cient\u00edfica y acad\u00e9mica.<\/p>\n<p>En nuestra entidad, la Universidad Veracruzana se sum\u00f3 a un frente interinstitucional que coordina la Secretar\u00eda de Ciencia, Humanidades, Tecnolog\u00eda e Innovaci\u00f3n (Secihti), con un observatorio que ya empez\u00f3 a generar conocimiento cient\u00edfico para apoyar y atender la situaci\u00f3n generada por un efluente \u2014l\u00edquido, emanaci\u00f3n, vertido\u2014 de hidrocarburos en el Golfo de M\u00e9xico, registrado en el mes de marzo.<\/p>\n<p>La M\u00e1xima Casa de Estudios que preside el rector <strong>Mart\u00edn Aguilar S\u00e1nchez<\/strong> ha dado a conocer que como parte de su compromiso social y con el medio ambiente, la UV participa con acad\u00e9micas y acad\u00e9micos e investigadoras e investigadores de los institutos de Ciencias Marinas y Pesquer\u00edas; Neuroetolog\u00eda; Investigaciones Biol\u00f3gicas; Qu\u00edmica Aplicada y de Salud P\u00fablica; de los centros de Investigaciones Tropicales y, de Estudios de Opini\u00f3n y An\u00e1lisis; as\u00ed como de las Facultades de Ciencias Qu\u00edmicas (de las regiones Xalapa, Orizaba-C\u00f3rdoba, y Coatzacoalcos-Minatitl\u00e1n); Medicina Veterinaria y Zootecnia, e Ingenier\u00eda Ambiental.<\/p>\n<p>En coordinaci\u00f3n con la Secihti, la Universidad Veracruzana llev\u00f3 a cabo la primera reuni\u00f3n: \u201cImpacto petrolero en el Golfo de M\u00e9xico: an\u00e1lisis y propuestas universitarias\u201d, se expusieron los trabajos de investigaci\u00f3n realizados previo a esta situaci\u00f3n y se analizaron, de manera integral y multidisciplinaria, diversas propuestas de diagn\u00f3stico, mitigaci\u00f3n de da\u00f1os a la poblaci\u00f3n, el medio ambiente y el desarrollo de posteriores acciones de monitoreo y vigilancia permanente de las zonas afectadas.<\/p>\n<p>Las acciones a realizar consisten en el monitoreo inmediato del efluente de hidrocarburo, su comparaci\u00f3n con informaci\u00f3n del movimiento de mareas y velocidad de viento, plantear una estrategia de muestreo de agua, sedimentos, microorganismos, fauna y flora marina, e indicadores de afectaci\u00f3n a la salud humana, comparar los resultados con datos hist\u00f3ricos disponibles de las l\u00edneas de investigaci\u00f3n de la UV, y evaluaci\u00f3n de t\u00e9cnicas de bio-remediaci\u00f3n que incluyan m\u00e9todos f\u00edsico-mec\u00e1nicos, as\u00ed como la reinserci\u00f3n de fauna afectada.<\/p>\n<p>Tambi\u00e9n se formularon propuestas t\u00e9cnicas orientadas al monitoreo, usando herramientas como los sistemas de informaci\u00f3n geogr\u00e1\u00adfica y la inteligencia artificial, bio-remediaci\u00f3n, contenci\u00f3n, mitigaci\u00f3n y monitoreo de los impactos, integrando enfoques multidisciplinarios.<\/p>\n<p>La Universidad Veracruzana, desde su autonom\u00eda, se encuentra en la disposici\u00f3n de apoyar y colaborar para la soluci\u00f3n de las problem\u00e1ticas de alto impacto social, acompa\u00f1ando a las autoridades federales y estatales, indic\u00f3 la M\u00e1xima Casa de Estudios de los veracruzanos.<\/p>\n<p>\u00a1Bien!<\/p>\n<p><strong>SIMAVER TRABAJA POR AGREMIADOS<\/strong><\/p>\n<p>Nuestro amigo <strong>Jos\u00e9 Javier Gal\u00e1n V\u00e1zquez<\/strong>, viejo compa\u00f1ero de estudios filos\u00f3ficos, nos informa que el Sindicato Independiente Magisterial Veracruzano (SIMAVER) que preside, concluy\u00f3 de manera satisfactoria el proceso de filiaci\u00f3n de sus agremiados al Fideicomiso Veracruzano de Seguridad Social Institucional (FIVESSI), resultado de una gesti\u00f3n firme y oportuna que reafirma la capacidad de SIMAVER para responder con hechos a las necesidades de quienes forman parte de esta organizaci\u00f3n.<\/p>\n<p>Con esta incorporaci\u00f3n, los trabajadores afiliados cuentan con una cobertura integral ante casos de fallecimiento, invalidez parcial o incapacidad total, beneficio que alcanza a todos los trabajadores del Gobierno del Estado de Veracruz.<\/p>\n<p>El FIVESSI asume formalmente la cobertura que anteriormente proporcionaba la Secretar\u00eda de Educaci\u00f3n de Veracruz, garantizando que la protecci\u00f3n de cada agremiado sea continua, s\u00f3lida y sin espacios de vulnerabilidad ante cualquier eventualidad.<\/p>\n<p>El secretario general de SIMAVER, <strong>Jos\u00e9 Javier Gal\u00e1n V\u00e1zquez<\/strong>, destaca que la conclusi\u00f3n de este proceso, a\u00fan en periodo de asueto, es fiel reflejo de lo que define a este sindicato: una organizaci\u00f3n que no espera, que gestiona con determinaci\u00f3n y que convierte sus compromisos en resultados tangibles para sus trabajadores.<\/p>\n<p>SIMAVER no s\u00f3lo acompa\u00f1a a sus agremiados en el d\u00eda a d\u00eda del ejercicio docente; los respalda, los protege y trabaja de manera permanente para que cada uno de ellos tenga la certeza de contar con una organizaci\u00f3n sindical a la altura de sus necesidades y de su confianza.<\/p>\n<p><strong>@MValeraH<\/strong><\/p>\n","protected":false},"excerpt":{"rendered":"<p>+ Derrame de hidrocarburos, tema federal que ha intentado manchar a Veracruz. + UV aportar\u00e1 conocimiento cient\u00edfico para atender esta situaci\u00f3n. + Fortalezas del Sindicato Independiente Magisterial Veracruzano (SIMAVER). Miguel Valera El tema del derrame de hidrocarburos en el Golfo de M\u00e9xico, que se ha politizado sobremanera, intentando manchar las entidades de Veracruz, Tabasco y [&hellip;]<\/p>\n","protected":false},"author":2,"featured_media":215,"comment_status":"open","ping_status":"open","sticky":false,"template":"","format":"standard","meta":{"footnotes":""},"categories":[6,4],"tags":[36],"class_list":{"0":"post-1769","1":"post","2":"type-post","3":"status-publish","4":"format-standard","5":"has-post-thumbnail","7":"category-opinion","8":"category-veracruz","9":"tag-contrasenas-miguelvalera-columna-opinion-veracruz-mexico-elmundo-periodismo"},"_links":{"self":[{"href":"https:\/\/elmensajeromx.com\/index.php?rest_route=\/wp\/v2\/posts\/1769","targetHints":{"allow":["GET"]}}],"collection":[{"href":"https:\/\/elmensajeromx.com\/index.php?rest_route=\/wp\/v2\/posts"}],"about":[{"href":"https:\/\/elmensajeromx.com\/index.php?rest_route=\/wp\/v2\/types\/post"}],"author":[{"embeddable":true,"href":"https:\/\/elmensajeromx.com\/index.php?rest_route=\/wp\/v2\/users\/2"}],"replies":[{"embeddable":true,"href":"https:\/\/elmensajeromx.com\/index.php?rest_route=%2Fwp%2Fv2%2Fcomments&post=1769"}],"version-history":[{"count":1,"href":"https:\/\/elmensajeromx.com\/index.php?rest_route=\/wp\/v2\/posts\/1769\/revisions"}],"predecessor-version":[{"id":1770,"href":"https:\/\/elmensajeromx.com\/index.php?rest_route=\/wp\/v2\/posts\/1769\/revisions\/1770"}],"wp:featuredmedia":[{"embeddable":true,"href":"https:\/\/elmensajeromx.com\/index.php?rest_route=\/wp\/v2\/media\/215"}],"wp:attachment":[{"href":"https:\/\/elmensajeromx.com\/index.php?rest_route=%2Fwp%2Fv2%2Fmedia&parent=1769"}],"wp:term":[{"taxonomy":"category","embeddable":true,"href":"https:\/\/elmensajeromx.com\/index.php?rest_route=%2Fwp%2Fv2%2Fcategories&post=1769"},{"taxonomy":"post_tag","embeddable":true,"href":"https:\/\/elmensajeromx.com\/index.php?rest_route=%2Fwp%2Fv2%2Ftags&post=1769"}],"curies":[{"name":"wp","href":"https:\/\/api.w.org\/{rel}","templated":true}]}}