{"id":1759,"date":"2026-03-08T23:00:35","date_gmt":"2026-03-08T23:00:35","guid":{"rendered":"https:\/\/elmensajeromx.com\/?p=1759"},"modified":"2026-04-08T02:54:55","modified_gmt":"2026-04-08T02:54:55","slug":"en-el-8m-respalda-congreso-estrategia-integral-para-la-proteccion-de-las-veracruzanas","status":"publish","type":"post","link":"https:\/\/elmensajeromx.com\/?p=1759","title":{"rendered":"En el 8M, respalda Congreso estrategia integral para la protecci\u00f3n de las veracruzanas"},"content":{"rendered":"<ul>\n<li>La legisladora Naomi Edith G\u00f3mez Santos refrenda el compromiso de la LXVII Legislatura para fortalecer el marco legal y garantizar una vida libre de violencia.<\/li>\n<\/ul>\n<p>Xalapa, Ver., 08 de marzo de 2026.- En el marco del D\u00eda Internacional de la Mujer, la Presidenta de la Mesa Directiva de la LXVII Legislatura, diputada Naomi Edith G\u00f3mez Santos, reafirm\u00f3 la voluntad del Congreso del Estado para trabajar en sinergia con el Poder Ejecutivo en estrategias que garanticen seguridad, justicia e igualdad para todas las mujeres de la entidad.<\/p>\n<p>En representaci\u00f3n del Poder Legislativo, G\u00f3mez Santos acompa\u00f1\u00f3 a la gobernadora Roc\u00edo Nahle Garc\u00eda en la firma de convenios de colaboraci\u00f3n con los municipios de Xalapa, Poza Rica, Chicontepec, Zozocolco y San Juan Evangelista, como parte del programa \u00abVeracruzana Protegida\u00bb.<\/p>\n<p>Al concluir el acto, la legisladora destac\u00f3 la efectividad de este programa, el cual ya ha brindado atenci\u00f3n directa a m\u00e1s de 2 mil 400 mujeres. Asimismo, celebr\u00f3 la iniciativa de la mandataria estatal para impulsar un Proyecto de Ley del Sistema de \u00d3rdenes de Protecci\u00f3n Inmediata, dise\u00f1ado espec\u00edficamente para salvaguardar a mujeres, adolescentes y ni\u00f1as en situaci\u00f3n de riesgo.<\/p>\n<p>\u201cDesde el Congreso, refrendamos el compromiso de legislar con perspectiva de g\u00e9nero y de la mano con el Ejecutivo. Este programa es un esfuerzo compartido que busca que ninguna veracruzana se sienta sola, sin importar en qu\u00e9 regi\u00f3n del estado se encuentre\u201d, puntualiz\u00f3.<\/p>\n<p>El evento cont\u00f3 con la presencia de diputadas de la LXVII Legislatura; la Magistrada Presidenta del Tribunal Superior de Justicia, Rosalba Hern\u00e1ndez Hern\u00e1ndez; la titular de la Fiscal\u00eda General del Estado (FGE), Lisbeth Aurelia Jim\u00e9nez Aguirre, as\u00ed como autoridades de los tres niveles de gobierno y representantes de organismos aut\u00f3nomos, entre otros.<\/p>\n<p><img loading=\"lazy\" decoding=\"async\" class=\"alignnone size-full wp-image-1762\" src=\"https:\/\/elmensajeromx.com\/wp-content\/uploads\/2026\/04\/IMG-20260308-WA0132-300x200-1.jpg\" alt=\"\" width=\"300\" height=\"200\" srcset=\"https:\/\/elmensajeromx.com\/wp-content\/uploads\/2026\/04\/IMG-20260308-WA0132-300x200-1.jpg 300w, https:\/\/elmensajeromx.com\/wp-content\/uploads\/2026\/04\/IMG-20260308-WA0132-300x200-1-150x100.jpg 150w\" sizes=\"auto, (max-width: 300px) 100vw, 300px\" \/> <img loading=\"lazy\" decoding=\"async\" class=\"alignnone size-full wp-image-1763\" src=\"https:\/\/elmensajeromx.com\/wp-content\/uploads\/2026\/04\/IMG-20260308-WA0133-300x200-1.jpg\" alt=\"\" width=\"300\" height=\"200\" srcset=\"https:\/\/elmensajeromx.com\/wp-content\/uploads\/2026\/04\/IMG-20260308-WA0133-300x200-1.jpg 300w, https:\/\/elmensajeromx.com\/wp-content\/uploads\/2026\/04\/IMG-20260308-WA0133-300x200-1-150x100.jpg 150w\" sizes=\"auto, (max-width: 300px) 100vw, 300px\" \/> <img loading=\"lazy\" decoding=\"async\" class=\"alignnone size-medium wp-image-1760\" src=\"https:\/\/elmensajeromx.com\/wp-content\/uploads\/2026\/04\/IMG-20260308-WA0130-696x464-1-300x200.jpg\" alt=\"\" width=\"300\" height=\"200\" srcset=\"https:\/\/elmensajeromx.com\/wp-content\/uploads\/2026\/04\/IMG-20260308-WA0130-696x464-1-300x200.jpg 300w, https:\/\/elmensajeromx.com\/wp-content\/uploads\/2026\/04\/IMG-20260308-WA0130-696x464-1-630x420.jpg 630w, https:\/\/elmensajeromx.com\/wp-content\/uploads\/2026\/04\/IMG-20260308-WA0130-696x464-1-150x100.jpg 150w, https:\/\/elmensajeromx.com\/wp-content\/uploads\/2026\/04\/IMG-20260308-WA0130-696x464-1.jpg 696w\" sizes=\"auto, (max-width: 300px) 100vw, 300px\" \/><\/p>\n","protected":false},"excerpt":{"rendered":"<p>La legisladora Naomi Edith G\u00f3mez Santos refrenda el compromiso de la LXVII Legislatura para fortalecer el marco legal y garantizar una vida libre de violencia. Xalapa, Ver., 08 de marzo de 2026.- En el marco del D\u00eda Internacional de la Mujer, la Presidenta de la Mesa Directiva de la LXVII Legislatura, diputada Naomi Edith G\u00f3mez [&hellip;]<\/p>\n","protected":false},"author":3,"featured_media":1761,"comment_status":"open","ping_status":"open","sticky":false,"template":"","format":"standard","meta":{"footnotes":""},"categories":[5,3],"tags":[],"class_list":{"0":"post-1759","1":"post","2":"type-post","3":"status-publish","4":"format-standard","5":"has-post-thumbnail","7":"category-congreso-del-estado","8":"category-principal"},"_links":{"self":[{"href":"https:\/\/elmensajeromx.com\/index.php?rest_route=\/wp\/v2\/posts\/1759","targetHints":{"allow":["GET"]}}],"collection":[{"href":"https:\/\/elmensajeromx.com\/index.php?rest_route=\/wp\/v2\/posts"}],"about":[{"href":"https:\/\/elmensajeromx.com\/index.php?rest_route=\/wp\/v2\/types\/post"}],"author":[{"embeddable":true,"href":"https:\/\/elmensajeromx.com\/index.php?rest_route=\/wp\/v2\/users\/3"}],"replies":[{"embeddable":true,"href":"https:\/\/elmensajeromx.com\/index.php?rest_route=%2Fwp%2Fv2%2Fcomments&post=1759"}],"version-history":[{"count":1,"href":"https:\/\/elmensajeromx.com\/index.php?rest_route=\/wp\/v2\/posts\/1759\/revisions"}],"predecessor-version":[{"id":1764,"href":"https:\/\/elmensajeromx.com\/index.php?rest_route=\/wp\/v2\/posts\/1759\/revisions\/1764"}],"wp:featuredmedia":[{"embeddable":true,"href":"https:\/\/elmensajeromx.com\/index.php?rest_route=\/wp\/v2\/media\/1761"}],"wp:attachment":[{"href":"https:\/\/elmensajeromx.com\/index.php?rest_route=%2Fwp%2Fv2%2Fmedia&parent=1759"}],"wp:term":[{"taxonomy":"category","embeddable":true,"href":"https:\/\/elmensajeromx.com\/index.php?rest_route=%2Fwp%2Fv2%2Fcategories&post=1759"},{"taxonomy":"post_tag","embeddable":true,"href":"https:\/\/elmensajeromx.com\/index.php?rest_route=%2Fwp%2Fv2%2Ftags&post=1759"}],"curies":[{"name":"wp","href":"https:\/\/api.w.org\/{rel}","templated":true}]}}