{"id":1755,"date":"2026-03-06T18:00:47","date_gmt":"2026-03-06T18:00:47","guid":{"rendered":"https:\/\/elmensajeromx.com\/?p=1755"},"modified":"2026-04-08T02:52:04","modified_gmt":"2026-04-08T02:52:04","slug":"entrega-congreso-de-veracruz-a-ana-maria-autran-el-premio-estatal-a-la-mujer-2026","status":"publish","type":"post","link":"https:\/\/elmensajeromx.com\/?p=1755","title":{"rendered":"Entrega Congreso de Veracruz a Ana Mar\u00eda Autr\u00e1n el Premio Estatal a la Mujer 2026"},"content":{"rendered":"<ul>\n<li>En el marco del D\u00eda Internacional de la Mujer, diputadas, diputados y las titulares de los poderes Ejecutivo y Judicial condecoran a la ur\u00f3loga onc\u00f3loga por su amplia trayectoria profesional y por su destacado servicio a la comunidad.<\/li>\n<\/ul>\n<p>Xalapa, Ver., 06 de marzo de 2026.- En Sesi\u00f3n Solemne, el Pleno de la LXVII Legislatura, la gobernadora del estado de Veracruz, Roc\u00edo Nahle Garc\u00eda, y la presidenta del Poder Judicial de la entidad, magistrada Rosalba Hern\u00e1ndez Hern\u00e1ndez, entregaron la medalla Premio Estatal a la Mujer 2026 a la ciudadana Ana Mar\u00eda Autr\u00e1n G\u00f3mez en reconocimiento a su labor cient\u00edfica y pr\u00e1ctica m\u00e9dica enfocadas a curar diferentes tipos de c\u00e1ncer, a las que ha dado difusi\u00f3n mediante la publicaci\u00f3n de art\u00edculos en revistas especializadas.<\/p>\n<p>En el Recinto Oficial del Palacio Legislativo y con la asistencia de integrantes del gabinete estatal, presidentas y presidentes municipales, representantes de organismos aut\u00f3nomos y de organizaciones civiles y p\u00fablico en general, la presidenta de la Mesa Directiva, diputada Naomi Edith G\u00f3mez Santos, instruy\u00f3 a las comisiones de cortes\u00eda recibir a las titulares de los poderes Ejecutivo y Judicial y a la condecorada.<\/p>\n<p>Posteriormente, el secretario de la Mesa Directiva, diputado Alejandro Porras Mar\u00edn, dio lectura al Acuerdo emitido por la Comisi\u00f3n Especial y a las disposiciones que motivaron que el Premio Estatal a la Mujer sea entregado a la ur\u00f3loga onc\u00f3loga Ana Mar\u00eda Autr\u00e1n G\u00f3mez.<\/p>\n<p>Mensaje de la gobernadora<\/p>\n<p>La gobernadora Roc\u00edo Nahle Garc\u00eda dirigi\u00f3 un mensaje en el que reconoci\u00f3 que \u201cpara ser m\u00e9dico se necesita tener esencia, tener la convicci\u00f3n para servir a los dem\u00e1s\u201d y reconoci\u00f3 en Ana Mar\u00eda Autr\u00e1n una gran calidad humana y la capacidad de expresar gratitud a quienes le han acompa\u00f1ado en las etapas de su vida, lo cual, dijo, la hace ejemplo para todas las ni\u00f1as y j\u00f3venes veracruzanas.<\/p>\n<p>En alusi\u00f3n a la trayectoria prol\u00edfica de la acad\u00e9mica, indic\u00f3 que cada paso la ha colocado en este momento de reconocimiento que el pueblo y el gobierno de Veracruz le otorgan por su profesionalismo, convicci\u00f3n y tenacidad, que son referenciales. Dijo sentirse honrada, como mujer, como gobernadora, porque en Veracruz haya mujeres como la doctora Autr\u00e1n G\u00f3mez.<\/p>\n<p>La mandataria encomi\u00f3 tambi\u00e9n la discreci\u00f3n con que la investigadora ha puesto sus conocimientos al servicio de muchas personas. Estas virtudes, agreg\u00f3, hacen que las veracruzanas y los veracruzanos \u201cnos sintamos orgullosas y orgullosos de tener mujeres con este temple, con esta preparaci\u00f3n\u201d.<\/p>\n<p>Por \u00faltimo, la titular del Ejecutivo expres\u00f3 a la LXVII Legislatura su benepl\u00e1cito por la acertada decisi\u00f3n de reconocer a una especialista, a una profesional, a un gran ser humano, a una veracruzana de excepci\u00f3n y, en nombre de todo el estado, agradeci\u00f3 a la condecorada su trabajo y dedicaci\u00f3n en favor de quienes han visto transformada su vida.<\/p>\n<p>Palabras de la ganadora<\/p>\n<p>En su intervenci\u00f3n ante el Pleno, la galardonada expuso su trayectoria profesional y agradeci\u00f3 a las personas e instituciones que han contribuido a su formaci\u00f3n acad\u00e9mica. Asimismo, dijo que este reconocimiento es para ella, \u201cun faro que ilumina el camino recorrido y que me recuerda que a\u00fan me queda mucho por construir. He dedicado mi vida a la medicina, guiada por la convicci\u00f3n inquebrantable de que la ciencia tiene el poder de sanar cuerpos, pero es la empat\u00eda la que verdaderamente salva almas\u201d.<\/p>\n<p>Subray\u00f3 que las mujeres han demostrado un compromiso inquebrantable, una constancia admirable y una capacidad de trabajo excepcional en el papel de la medicina y la urolog\u00eda, siendo \u00e9ste un campo que por mucho tiempo fue predominantemente masculino. \u201cEste premio es testimonio de que nuestra voz y labor son esenciales para una medicina m\u00e1s completa y equitativa; es un recordatorio de que con dedicaci\u00f3n y esfuerzo pueden romperse barreras y abrir camiones para las futuras generaciones\u201d, expres\u00f3.<\/p>\n<p>Ana Mar\u00eda Autr\u00e1n record\u00f3 que en 2017 un diagn\u00f3stico de c\u00e1ncer la estremeci\u00f3 y que probablemente esa palabra a todos paraliza y duele. \u201cEl c\u00e1ncer me ha ense\u00f1ado que la adversidad no distingue, que el cuerpo y el esp\u00edritu puede transformarse frente a la enfermedad y que no es sin\u00f3nimo de muerte, sino de vida, de oportunidad para crear, identificar, reconocer y potenciar nuestras herramientas como seres humanos\u201d.<\/p>\n<p>Finalmente, habl\u00f3 sobre el programa mediante el cual atiende a poblaciones vulnerables y socialmente desatendidas, principalmente con personas privadas de la libertad, colectivos trans y LGBTQ+, \u201cla salud urol\u00f3gica no es solo una cuesti\u00f3n cl\u00ednica; es una lucha constante por derribar muros de prejuicio, miedo y desinformaci\u00f3n\u201d.<\/p>\n<p>Mensaje de la presidenta de la Mesa Directiva<\/p>\n<p>A su vez, la diputada Naomi Edith G\u00f3mez Santos hizo un recuento de las actividades realizadas por la galardonada en investigaci\u00f3n cient\u00edfica y acad\u00e9mica. \u201cHay algo que la hace diferente, usted no solo ha estudiado el c\u00e1ncer, tambi\u00e9n lo ha enfrentado. Cuando alguien atraviesa esa experiencia, entiende algo que ning\u00fan libro puede ense\u00f1ar; ya que detr\u00e1s de cada diagn\u00f3stico hay personas y hay familias que esperan una buena noticia\u201d.<\/p>\n<p>Agreg\u00f3 que Veracruz reconoce la trayectoria de la doctora Ana Mar\u00eda Autr\u00e1n, pero tambi\u00e9n agradece algo m\u00e1s profundo, \u201clas vidas que usted ha tocado, la historia que ayud\u00f3 a cambiar y la esperanza que sembr\u00f3 en muchas personas que quiz\u00e1s nunca olvidar\u00e1n su mirada en un momento dif\u00edcil. Gracias por recordarnos que la ciencia tambi\u00e9n puede ser humanidad y que cuando el conocimiento se ejerce con empat\u00eda se convierte en algo m\u00e1s grande\u201d.<\/p>\n<p><img loading=\"lazy\" decoding=\"async\" class=\"alignnone wp-image-1757 size-full\" src=\"https:\/\/elmensajeromx.com\/wp-content\/uploads\/2026\/04\/WhatsApp-Image-2026-03-06-at-18.58.03-3-300x200-1.jpeg\" alt=\"\" width=\"300\" height=\"200\" srcset=\"https:\/\/elmensajeromx.com\/wp-content\/uploads\/2026\/04\/WhatsApp-Image-2026-03-06-at-18.58.03-3-300x200-1.jpeg 300w, https:\/\/elmensajeromx.com\/wp-content\/uploads\/2026\/04\/WhatsApp-Image-2026-03-06-at-18.58.03-3-300x200-1-150x100.jpeg 150w\" sizes=\"auto, (max-width: 300px) 100vw, 300px\" \/><\/p>\n","protected":false},"excerpt":{"rendered":"<p>En el marco del D\u00eda Internacional de la Mujer, diputadas, diputados y las titulares de los poderes Ejecutivo y Judicial condecoran a la ur\u00f3loga onc\u00f3loga por su amplia trayectoria profesional y por su destacado servicio a la comunidad. Xalapa, Ver., 06 de marzo de 2026.- En Sesi\u00f3n Solemne, el Pleno de la LXVII Legislatura, la [&hellip;]<\/p>\n","protected":false},"author":3,"featured_media":1756,"comment_status":"open","ping_status":"open","sticky":false,"template":"","format":"standard","meta":{"footnotes":""},"categories":[5,3],"tags":[],"class_list":{"0":"post-1755","1":"post","2":"type-post","3":"status-publish","4":"format-standard","5":"has-post-thumbnail","7":"category-congreso-del-estado","8":"category-principal"},"_links":{"self":[{"href":"https:\/\/elmensajeromx.com\/index.php?rest_route=\/wp\/v2\/posts\/1755","targetHints":{"allow":["GET"]}}],"collection":[{"href":"https:\/\/elmensajeromx.com\/index.php?rest_route=\/wp\/v2\/posts"}],"about":[{"href":"https:\/\/elmensajeromx.com\/index.php?rest_route=\/wp\/v2\/types\/post"}],"author":[{"embeddable":true,"href":"https:\/\/elmensajeromx.com\/index.php?rest_route=\/wp\/v2\/users\/3"}],"replies":[{"embeddable":true,"href":"https:\/\/elmensajeromx.com\/index.php?rest_route=%2Fwp%2Fv2%2Fcomments&post=1755"}],"version-history":[{"count":1,"href":"https:\/\/elmensajeromx.com\/index.php?rest_route=\/wp\/v2\/posts\/1755\/revisions"}],"predecessor-version":[{"id":1758,"href":"https:\/\/elmensajeromx.com\/index.php?rest_route=\/wp\/v2\/posts\/1755\/revisions\/1758"}],"wp:featuredmedia":[{"embeddable":true,"href":"https:\/\/elmensajeromx.com\/index.php?rest_route=\/wp\/v2\/media\/1756"}],"wp:attachment":[{"href":"https:\/\/elmensajeromx.com\/index.php?rest_route=%2Fwp%2Fv2%2Fmedia&parent=1755"}],"wp:term":[{"taxonomy":"category","embeddable":true,"href":"https:\/\/elmensajeromx.com\/index.php?rest_route=%2Fwp%2Fv2%2Fcategories&post=1755"},{"taxonomy":"post_tag","embeddable":true,"href":"https:\/\/elmensajeromx.com\/index.php?rest_route=%2Fwp%2Fv2%2Ftags&post=1755"}],"curies":[{"name":"wp","href":"https:\/\/api.w.org\/{rel}","templated":true}]}}