{"id":1739,"date":"2026-04-08T02:29:26","date_gmt":"2026-04-08T02:29:26","guid":{"rendered":"https:\/\/elmensajeromx.com\/?p=1739"},"modified":"2026-04-08T02:29:26","modified_gmt":"2026-04-08T02:29:26","slug":"fiscalia-de-veracruz-logra-prision-preventiva-contra-ex-funcionario-por-secuestro-agravado-de-migrantes","status":"publish","type":"post","link":"https:\/\/elmensajeromx.com\/?p=1739","title":{"rendered":"Fiscal\u00eda de Veracruz logra prisi\u00f3n preventiva contra ex funcionario por secuestro agravado de migrantes"},"content":{"rendered":"<p>Xalapa, Ver., 7 de abril de 2026. \u2014 Como resultado de acciones de investigaci\u00f3n y operativos coordinados, la <strong>Fiscal\u00eda General del Estado de Veracruz<\/strong>, a trav\u00e9s de la Fiscal\u00eda de Investigaciones Ministeriales y <strong>con el apoyo de autoridades del estado de Oaxaca<\/strong>, ejecut\u00f3 una <strong>orden de aprehensi\u00f3n contra Alejandro \u201cN\u201d, ex servidor p\u00fablico del municipio de Tierra Blanca<\/strong>, se\u00f1alado como <strong>presunto responsable de delitos de alto impacto.<\/strong><\/p>\n<p>De acuerdo con las investigaciones, el imputado estar\u00eda <strong>vinculado a hechos ocurridos en 2021<\/strong>, cuando presuntamente <strong>utiliz\u00f3 patrullas de la Polic\u00eda Municipal para privar de la libertad a personas migrantes<\/strong> y exigir dinero a sus familiares a cambio de su liberaci\u00f3n.<\/p>\n<p>Tras su detenci\u00f3n, <strong>Alejandro \u201cN\u201d fue puesto a disposici\u00f3n *de la autoridad judicial, donde durante la audiencia inicial se legaliz\u00f3 su detenci\u00f3n y se formul\u00f3 imputaci\u00f3n en su contra por el *delito de secuestro agravado<\/strong>, luego de la reclasificaci\u00f3n jur\u00eddica correspondiente.<\/p>\n<p>El juez de control determin\u00f3 imponer la medida cautelar de <strong>prisi\u00f3n preventiva oficiosa<\/strong>, dentro del <strong>proceso penal 108\/2023<\/strong>, y fij\u00f3 el 12 de abril como fecha para la audiencia de continuaci\u00f3n.<\/p>\n<p>Con esta acci\u00f3n, la <strong>Fiscal\u00eda General del Estado act\u00faa con firmeza contra delitos que vulneran la libertad y la integridad de las personas, y reafirma su compromiso de combatir la impunidad y llevar ante la justicia a quienes traicionan la confianza p\u00fablica.\u00a0<\/strong><\/p>\n<p>&nbsp;<\/p>\n<p>&nbsp;<\/p>\n","protected":false},"excerpt":{"rendered":"<p>Xalapa, Ver., 7 de abril de 2026. \u2014 Como resultado de acciones de investigaci\u00f3n y operativos coordinados, la Fiscal\u00eda General del Estado de Veracruz, a trav\u00e9s de la Fiscal\u00eda de Investigaciones Ministeriales y con el apoyo de autoridades del estado de Oaxaca, ejecut\u00f3 una orden de aprehensi\u00f3n contra Alejandro \u201cN\u201d, ex servidor p\u00fablico del municipio [&hellip;]<\/p>\n","protected":false},"author":3,"featured_media":1740,"comment_status":"open","ping_status":"open","sticky":false,"template":"","format":"standard","meta":{"footnotes":""},"categories":[3],"tags":[],"class_list":{"0":"post-1739","1":"post","2":"type-post","3":"status-publish","4":"format-standard","5":"has-post-thumbnail","7":"category-principal"},"_links":{"self":[{"href":"https:\/\/elmensajeromx.com\/index.php?rest_route=\/wp\/v2\/posts\/1739","targetHints":{"allow":["GET"]}}],"collection":[{"href":"https:\/\/elmensajeromx.com\/index.php?rest_route=\/wp\/v2\/posts"}],"about":[{"href":"https:\/\/elmensajeromx.com\/index.php?rest_route=\/wp\/v2\/types\/post"}],"author":[{"embeddable":true,"href":"https:\/\/elmensajeromx.com\/index.php?rest_route=\/wp\/v2\/users\/3"}],"replies":[{"embeddable":true,"href":"https:\/\/elmensajeromx.com\/index.php?rest_route=%2Fwp%2Fv2%2Fcomments&post=1739"}],"version-history":[{"count":1,"href":"https:\/\/elmensajeromx.com\/index.php?rest_route=\/wp\/v2\/posts\/1739\/revisions"}],"predecessor-version":[{"id":1741,"href":"https:\/\/elmensajeromx.com\/index.php?rest_route=\/wp\/v2\/posts\/1739\/revisions\/1741"}],"wp:featuredmedia":[{"embeddable":true,"href":"https:\/\/elmensajeromx.com\/index.php?rest_route=\/wp\/v2\/media\/1740"}],"wp:attachment":[{"href":"https:\/\/elmensajeromx.com\/index.php?rest_route=%2Fwp%2Fv2%2Fmedia&parent=1739"}],"wp:term":[{"taxonomy":"category","embeddable":true,"href":"https:\/\/elmensajeromx.com\/index.php?rest_route=%2Fwp%2Fv2%2Fcategories&post=1739"},{"taxonomy":"post_tag","embeddable":true,"href":"https:\/\/elmensajeromx.com\/index.php?rest_route=%2Fwp%2Fv2%2Ftags&post=1739"}],"curies":[{"name":"wp","href":"https:\/\/api.w.org\/{rel}","templated":true}]}}