{"id":1711,"date":"2026-04-07T20:39:28","date_gmt":"2026-04-07T20:39:28","guid":{"rendered":"https:\/\/elmensajeromx.com\/?p=1711"},"modified":"2026-04-07T20:39:28","modified_gmt":"2026-04-07T20:39:28","slug":"crimen-de-medico-en-poza-rica-no-quedara-impune-fiscalia-de-veracruz-continua-investigaciones","status":"publish","type":"post","link":"https:\/\/elmensajeromx.com\/?p=1711","title":{"rendered":"Crimen de m\u00e9dico en Poza Rica no quedar\u00e1 impune: Fiscal\u00eda de Veracruz contin\u00faa investigaciones"},"content":{"rendered":"<p>Xalapa, Ver., a 7 de abril de 2026.- Derivado de la carpeta de investigaci\u00f3n iniciada por los hechos<strong> ocurridos <\/strong>en la ciudad de <strong>Poza Rica <\/strong>el pasado <strong>1 de abril, <\/strong>la <strong>Fiscal\u00eda General del Estado de Veracruz<\/strong>, a trav\u00e9s de la <strong>Unidad Especializada en Combate al Secuestro y la Extorsi\u00f3n (UECS),<\/strong> <strong>contin\u00faa <\/strong>con las <strong>diligencias <\/strong>de ley para <strong>garantizar que este crimen no quede impune.<\/strong><\/p>\n<p>Tras la <strong>ejecuci\u00f3n inicial <\/strong>de los protocolos de actuaci\u00f3n y el procesamiento del lugar, donde adem\u00e1s de asegurarse indicios, se realiz\u00f3 el hallazgo del cuerpo sin vida de la v\u00edctima <strong>J.A.M.A.<\/strong>, las investigaciones siguen su curso, a trav\u00e9s de las diversas \u00e1reas especializadas de la instituci\u00f3n, con el objetivo de<strong> robustecer las l\u00edneas de acci\u00f3n<\/strong> que permitan<strong> identificar y capturar a los presuntos responsables.<\/strong><\/p>\n<p>Con estas acciones, la Fiscal\u00eda General del Estado reitera su <strong>compromiso inquebrantable con la procuraci\u00f3n de justicia, el Estado de Derecho y la seguridad de las familias veracruzanas.<\/strong><\/p>\n","protected":false},"excerpt":{"rendered":"<p>Xalapa, Ver., a 7 de abril de 2026.- Derivado de la carpeta de investigaci\u00f3n iniciada por los hechos ocurridos en la ciudad de Poza Rica el pasado 1 de abril, la Fiscal\u00eda General del Estado de Veracruz, a trav\u00e9s de la Unidad Especializada en Combate al Secuestro y la Extorsi\u00f3n (UECS), contin\u00faa con las diligencias [&hellip;]<\/p>\n","protected":false},"author":3,"featured_media":1548,"comment_status":"open","ping_status":"open","sticky":false,"template":"","format":"standard","meta":{"footnotes":""},"categories":[3],"tags":[],"class_list":{"0":"post-1711","1":"post","2":"type-post","3":"status-publish","4":"format-standard","5":"has-post-thumbnail","7":"category-principal"},"_links":{"self":[{"href":"https:\/\/elmensajeromx.com\/index.php?rest_route=\/wp\/v2\/posts\/1711","targetHints":{"allow":["GET"]}}],"collection":[{"href":"https:\/\/elmensajeromx.com\/index.php?rest_route=\/wp\/v2\/posts"}],"about":[{"href":"https:\/\/elmensajeromx.com\/index.php?rest_route=\/wp\/v2\/types\/post"}],"author":[{"embeddable":true,"href":"https:\/\/elmensajeromx.com\/index.php?rest_route=\/wp\/v2\/users\/3"}],"replies":[{"embeddable":true,"href":"https:\/\/elmensajeromx.com\/index.php?rest_route=%2Fwp%2Fv2%2Fcomments&post=1711"}],"version-history":[{"count":1,"href":"https:\/\/elmensajeromx.com\/index.php?rest_route=\/wp\/v2\/posts\/1711\/revisions"}],"predecessor-version":[{"id":1712,"href":"https:\/\/elmensajeromx.com\/index.php?rest_route=\/wp\/v2\/posts\/1711\/revisions\/1712"}],"wp:featuredmedia":[{"embeddable":true,"href":"https:\/\/elmensajeromx.com\/index.php?rest_route=\/wp\/v2\/media\/1548"}],"wp:attachment":[{"href":"https:\/\/elmensajeromx.com\/index.php?rest_route=%2Fwp%2Fv2%2Fmedia&parent=1711"}],"wp:term":[{"taxonomy":"category","embeddable":true,"href":"https:\/\/elmensajeromx.com\/index.php?rest_route=%2Fwp%2Fv2%2Fcategories&post=1711"},{"taxonomy":"post_tag","embeddable":true,"href":"https:\/\/elmensajeromx.com\/index.php?rest_route=%2Fwp%2Fv2%2Ftags&post=1711"}],"curies":[{"name":"wp","href":"https:\/\/api.w.org\/{rel}","templated":true}]}}