{"id":1695,"date":"2026-04-07T18:21:05","date_gmt":"2026-04-07T18:21:05","guid":{"rendered":"https:\/\/elmensajeromx.com\/?p=1695"},"modified":"2026-04-07T18:21:05","modified_gmt":"2026-04-07T18:21:05","slug":"en-solo-24-horas-fiscalia-de-veracruz-logra-sentencias-de-hasta-50-anos-contra-secuestradores","status":"publish","type":"post","link":"https:\/\/elmensajeromx.com\/?p=1695","title":{"rendered":"En solo 24 horas, Fiscal\u00eda de Veracruz logra sentencias de hasta 50 a\u00f1os contra secuestradores"},"content":{"rendered":"<div class=\"flex flex-col text-sm pb-25\">\n<section class=\"text-token-text-primary w-full focus:outline-none [--shadow-height:45px] has-data-writing-block:pointer-events-none has-data-writing-block:-mt-(--shadow-height) has-data-writing-block:pt-(--shadow-height) [&amp;:has([data-writing-block])&gt;*]:pointer-events-auto scroll-mt-[calc(var(--header-height)+min(200px,max(70px,20svh)))]\" dir=\"auto\" data-turn-id=\"request-WEB:6e0154c4-1aa0-407b-b335-0dcff26f82f3-0\" data-testid=\"conversation-turn-2\" data-scroll-anchor=\"true\" data-turn=\"assistant\">\n<div class=\"text-base my-auto mx-auto pb-10 [--thread-content-margin:var(--thread-content-margin-xs,calc(var(--spacing)*4))] @w-sm\/main:[--thread-content-margin:var(--thread-content-margin-sm,calc(var(--spacing)*6))] @w-lg\/main:[--thread-content-margin:var(--thread-content-margin-lg,calc(var(--spacing)*16))] px-(--thread-content-margin)\">\n<div class=\"[--thread-content-max-width:40rem] @w-lg\/main:[--thread-content-max-width:48rem] mx-auto max-w-(--thread-content-max-width) flex-1 group\/turn-messages focus-visible:outline-hidden relative flex w-full min-w-0 flex-col agent-turn\">\n<div class=\"flex max-w-full flex-col gap-4 grow\">\n<div class=\"min-h-8 text-message relative flex w-full flex-col items-end gap-2 text-start break-words whitespace-normal outline-none keyboard-focused:focus-ring [.text-message+&amp;]:mt-1\" dir=\"auto\" tabindex=\"0\" data-message-author-role=\"assistant\" data-message-id=\"b44e1917-04dd-403f-ad57-cdefdb360c8c\" data-message-model-slug=\"gpt-5-3\" data-turn-start-message=\"true\">\n<div class=\"flex w-full flex-col gap-1 empty:hidden\">\n<div class=\"markdown prose dark:prose-invert w-full wrap-break-word light markdown-new-styling\">\n<p data-start=\"2363\" data-end=\"2633\">Xalapa, Ver., 7 de abril de 2026.\u2014 En un lapso de apenas 24 horas, la Fiscal\u00eda General del Estado de Veracruz report\u00f3 resultados contundentes en el combate a la delincuencia, con un total de 23 resoluciones judiciales, entre ellas sentencias de hasta 50 a\u00f1os de prisi\u00f3n.<\/p>\n<p data-start=\"2635\" data-end=\"2874\">Durante la reuni\u00f3n de seguridad estatal, la fiscal Lisbeth Aurelia Jim\u00e9nez Aguirre inform\u00f3 que se obtuvieron 10 sentencias condenatorias, un fallo condenatorio y 12 vinculaciones a proceso contra presuntos responsables de diversos delitos.<\/p>\n<p data-start=\"2876\" data-end=\"3172\">Destaca el trabajo de la Unidad Especializada en Combate al Secuestro y la Extorsi\u00f3n, que logr\u00f3 dos sentencias por secuestro agravado: una de 50 a\u00f1os en Tuxpan y otra de 33 a\u00f1os en Pacho Viejo. Tambi\u00e9n se report\u00f3 un caso en Xalapa por intento de extorsi\u00f3n agravada que ya fue vinculado a proceso.<\/p>\n<p data-start=\"3174\" data-end=\"3295\">En Coatzacoalcos, dos personas fueron sentenciadas por homicidio doloso calificado, con penas de 25 y 22 a\u00f1os de prisi\u00f3n.<\/p>\n<p data-start=\"3297\" data-end=\"3565\">En cuanto a la atenci\u00f3n a delitos contra mujeres, la Fiscal\u00eda especializada report\u00f3 tres sentencias, cuatro vinculaciones a proceso y siete imputaciones, mientras que en temas de derechos humanos e ind\u00edgenas se registraron avances con una vinculaci\u00f3n y una imputaci\u00f3n.<\/p>\n<p data-start=\"3567\" data-end=\"3723\">Adem\u00e1s, se realizaron 20 imputaciones, se cumplimentaron seis \u00f3rdenes judiciales y se logr\u00f3 ubicar a una persona que hab\u00eda sido reportada como desaparecida.<\/p>\n<p data-start=\"3725\" data-end=\"3854\">Las acciones se desplegaron en distintas regiones del estado, incluyendo municipios como C\u00f3rdoba, Xalapa, Tuxpan y Coatzacoalcos.<\/p>\n<p data-start=\"3856\" data-end=\"4047\" data-is-last-node=\"\" data-is-only-node=\"\">La Fiscal\u00eda destac\u00f3 que estos resultados son parte del fortalecimiento en las investigaciones y reiter\u00f3 que continuar\u00e1 trabajando para garantizar justicia y combatir la impunidad en Veracruz.<\/p>\n<\/div>\n<\/div>\n<\/div>\n<\/div>\n<div class=\"z-0 flex min-h-[46px] justify-start\"><img loading=\"lazy\" decoding=\"async\" class=\"alignnone wp-image-1697 size-full\" src=\"https:\/\/elmensajeromx.com\/wp-content\/uploads\/2026\/04\/WhatsApp-Image-2026-04-07-at-12.14.35.jpeg\" alt=\"\" width=\"1600\" height=\"900\" srcset=\"https:\/\/elmensajeromx.com\/wp-content\/uploads\/2026\/04\/WhatsApp-Image-2026-04-07-at-12.14.35.jpeg 1600w, https:\/\/elmensajeromx.com\/wp-content\/uploads\/2026\/04\/WhatsApp-Image-2026-04-07-at-12.14.35-300x169.jpeg 300w, https:\/\/elmensajeromx.com\/wp-content\/uploads\/2026\/04\/WhatsApp-Image-2026-04-07-at-12.14.35-1024x576.jpeg 1024w, https:\/\/elmensajeromx.com\/wp-content\/uploads\/2026\/04\/WhatsApp-Image-2026-04-07-at-12.14.35-768x432.jpeg 768w, https:\/\/elmensajeromx.com\/wp-content\/uploads\/2026\/04\/WhatsApp-Image-2026-04-07-at-12.14.35-1536x864.jpeg 1536w, https:\/\/elmensajeromx.com\/wp-content\/uploads\/2026\/04\/WhatsApp-Image-2026-04-07-at-12.14.35-747x420.jpeg 747w, https:\/\/elmensajeromx.com\/wp-content\/uploads\/2026\/04\/WhatsApp-Image-2026-04-07-at-12.14.35-150x84.jpeg 150w, https:\/\/elmensajeromx.com\/wp-content\/uploads\/2026\/04\/WhatsApp-Image-2026-04-07-at-12.14.35-696x392.jpeg 696w, https:\/\/elmensajeromx.com\/wp-content\/uploads\/2026\/04\/WhatsApp-Image-2026-04-07-at-12.14.35-1068x601.jpeg 1068w\" sizes=\"auto, (max-width: 1600px) 100vw, 1600px\" \/><\/div>\n<div class=\"mt-3 w-full empty:hidden\">\n<div class=\"text-center\"><\/div>\n<\/div>\n<\/div>\n<\/div>\n<\/section>\n<\/div>\n<div class=\"pointer-events-none h-px w-px absolute bottom-0\" aria-hidden=\"true\" data-edge=\"true\"><\/div>\n","protected":false},"excerpt":{"rendered":"<p>Xalapa, Ver., 7 de abril de 2026.\u2014 En un lapso de apenas 24 horas, la Fiscal\u00eda General del Estado de Veracruz report\u00f3 resultados contundentes en el combate a la delincuencia, con un total de 23 resoluciones judiciales, entre ellas sentencias de hasta 50 a\u00f1os de prisi\u00f3n. Durante la reuni\u00f3n de seguridad estatal, la fiscal Lisbeth [&hellip;]<\/p>\n","protected":false},"author":3,"featured_media":1696,"comment_status":"open","ping_status":"open","sticky":false,"template":"","format":"standard","meta":{"footnotes":""},"categories":[3],"tags":[],"class_list":{"0":"post-1695","1":"post","2":"type-post","3":"status-publish","4":"format-standard","5":"has-post-thumbnail","7":"category-principal"},"_links":{"self":[{"href":"https:\/\/elmensajeromx.com\/index.php?rest_route=\/wp\/v2\/posts\/1695","targetHints":{"allow":["GET"]}}],"collection":[{"href":"https:\/\/elmensajeromx.com\/index.php?rest_route=\/wp\/v2\/posts"}],"about":[{"href":"https:\/\/elmensajeromx.com\/index.php?rest_route=\/wp\/v2\/types\/post"}],"author":[{"embeddable":true,"href":"https:\/\/elmensajeromx.com\/index.php?rest_route=\/wp\/v2\/users\/3"}],"replies":[{"embeddable":true,"href":"https:\/\/elmensajeromx.com\/index.php?rest_route=%2Fwp%2Fv2%2Fcomments&post=1695"}],"version-history":[{"count":1,"href":"https:\/\/elmensajeromx.com\/index.php?rest_route=\/wp\/v2\/posts\/1695\/revisions"}],"predecessor-version":[{"id":1698,"href":"https:\/\/elmensajeromx.com\/index.php?rest_route=\/wp\/v2\/posts\/1695\/revisions\/1698"}],"wp:featuredmedia":[{"embeddable":true,"href":"https:\/\/elmensajeromx.com\/index.php?rest_route=\/wp\/v2\/media\/1696"}],"wp:attachment":[{"href":"https:\/\/elmensajeromx.com\/index.php?rest_route=%2Fwp%2Fv2%2Fmedia&parent=1695"}],"wp:term":[{"taxonomy":"category","embeddable":true,"href":"https:\/\/elmensajeromx.com\/index.php?rest_route=%2Fwp%2Fv2%2Fcategories&post=1695"},{"taxonomy":"post_tag","embeddable":true,"href":"https:\/\/elmensajeromx.com\/index.php?rest_route=%2Fwp%2Fv2%2Ftags&post=1695"}],"curies":[{"name":"wp","href":"https:\/\/api.w.org\/{rel}","templated":true}]}}