{"id":1678,"date":"2026-04-07T03:46:17","date_gmt":"2026-04-07T03:46:17","guid":{"rendered":"https:\/\/elmensajeromx.com\/?p=1678"},"modified":"2026-04-07T03:46:17","modified_gmt":"2026-04-07T03:46:17","slug":"gobierno-estatal-y-sector-pesquero-unen-fuerzas-para-enfrentar-situacion-ambiental-diputada-roxana-barragan","status":"publish","type":"post","link":"https:\/\/elmensajeromx.com\/?p=1678","title":{"rendered":"Gobierno estatal y sector pesquero unen fuerzas para enfrentar situaci\u00f3n ambiental: Diputada Roxana Barrag\u00e1n"},"content":{"rendered":"<p>Xalapa, Ver; 6 de abril de 2026.- La diputada local del Partido Verde Ecologista de M\u00e9xico (PVEM), Roxana Barrag\u00e1n Hern\u00e1ndez, sostuvo una reuni\u00f3n de trabajo con el secretario de Gobierno de Veracruz, Ricardo Ahued Bardahuil, as\u00ed como con destacados l\u00edderes pesqueros de diversas regiones del estado.<\/p>\n<p>Dijo que en este encuentro se abordaron temas prioritarios para el sector pesquero veracruzano, particularmente aquellos relacionados con los recientes desaf\u00edos que enfrentan las comunidades costeras.<\/p>\n<p>Destac\u00f3 la importancia de sumarse al esfuerzo de la gobernadora de Veracruz, ingeniera Roc\u00edo Nahle Garc\u00eda, quien encabeza una serie de iniciativas para atender esta problem\u00e1tica, y se promueva un desarrollo sostenible para las comunidades pesqueras.<\/p>\n<p>Durante el di\u00e1logo, se destac\u00f3 la situaci\u00f3n derivada de la presencia de hidrocarburos en las zonas costeras, lo cual ha afectado tanto a la salud del ecosistema marino como a las actividades productivas de los pescadores.<\/p>\n<p>Sostuvo que ante este panorama, todos los asistentes coincidieron en la urgencia de fortalecer la coordinaci\u00f3n entre las autoridades estatales y los representantes del sector pesquero con el fin de implementar soluciones r\u00e1pidas y responsables.<\/p>\n<p>Roxana Barrag\u00e1n reiter\u00f3 su compromiso de seguir impulsando desde el Congreso de Veracruz todas las acciones necesarias para respaldar a los pescadores y garantizar el bienestar de sus familias.<\/p>\n<p>La diputada del PVEM resalt\u00f3 que, en conjunto con el Gobierno del Estado y las organizaciones pesqueras, se buscar\u00e1 fortalecer la infraestructura y las condiciones de trabajo del sector, as\u00ed como implementar medidas de apoyo econ\u00f3mico para aquellos m\u00e1s afectados por los recientes incidentes.<\/p>\n<p>\u201cMi labor como representante del pueblo veracruzano es, sin duda, apoyar a quienes m\u00e1s lo necesitan. Vamos a seguir trabajando en unidad para que Veracruz sea un lugar pr\u00f3spero para todos, especialmente para nuestras familias pesqueras\u201d, concluy\u00f3 la diputada local.<\/p>\n<p><img loading=\"lazy\" decoding=\"async\" class=\"alignnone wp-image-1679 size-large\" src=\"https:\/\/elmensajeromx.com\/wp-content\/uploads\/2026\/04\/WhatsApp-Image-2026-04-06-at-21.13.14-1-1024x576.jpeg\" alt=\"\" width=\"696\" height=\"392\" srcset=\"https:\/\/elmensajeromx.com\/wp-content\/uploads\/2026\/04\/WhatsApp-Image-2026-04-06-at-21.13.14-1-1024x576.jpeg 1024w, https:\/\/elmensajeromx.com\/wp-content\/uploads\/2026\/04\/WhatsApp-Image-2026-04-06-at-21.13.14-1-300x169.jpeg 300w, https:\/\/elmensajeromx.com\/wp-content\/uploads\/2026\/04\/WhatsApp-Image-2026-04-06-at-21.13.14-1-768x432.jpeg 768w, https:\/\/elmensajeromx.com\/wp-content\/uploads\/2026\/04\/WhatsApp-Image-2026-04-06-at-21.13.14-1-747x420.jpeg 747w, https:\/\/elmensajeromx.com\/wp-content\/uploads\/2026\/04\/WhatsApp-Image-2026-04-06-at-21.13.14-1-150x84.jpeg 150w, https:\/\/elmensajeromx.com\/wp-content\/uploads\/2026\/04\/WhatsApp-Image-2026-04-06-at-21.13.14-1-696x392.jpeg 696w, https:\/\/elmensajeromx.com\/wp-content\/uploads\/2026\/04\/WhatsApp-Image-2026-04-06-at-21.13.14-1-1068x601.jpeg 1068w, https:\/\/elmensajeromx.com\/wp-content\/uploads\/2026\/04\/WhatsApp-Image-2026-04-06-at-21.13.14-1.jpeg 1280w\" sizes=\"auto, (max-width: 696px) 100vw, 696px\" \/> <img loading=\"lazy\" decoding=\"async\" class=\"alignnone wp-image-1680 size-full\" src=\"https:\/\/elmensajeromx.com\/wp-content\/uploads\/2026\/04\/WhatsApp-Image-2026-04-06-at-21.13.14-2.jpeg\" alt=\"\" width=\"1280\" height=\"960\" srcset=\"https:\/\/elmensajeromx.com\/wp-content\/uploads\/2026\/04\/WhatsApp-Image-2026-04-06-at-21.13.14-2.jpeg 1280w, https:\/\/elmensajeromx.com\/wp-content\/uploads\/2026\/04\/WhatsApp-Image-2026-04-06-at-21.13.14-2-300x225.jpeg 300w, https:\/\/elmensajeromx.com\/wp-content\/uploads\/2026\/04\/WhatsApp-Image-2026-04-06-at-21.13.14-2-1024x768.jpeg 1024w, https:\/\/elmensajeromx.com\/wp-content\/uploads\/2026\/04\/WhatsApp-Image-2026-04-06-at-21.13.14-2-768x576.jpeg 768w, https:\/\/elmensajeromx.com\/wp-content\/uploads\/2026\/04\/WhatsApp-Image-2026-04-06-at-21.13.14-2-560x420.jpeg 560w, https:\/\/elmensajeromx.com\/wp-content\/uploads\/2026\/04\/WhatsApp-Image-2026-04-06-at-21.13.14-2-80x60.jpeg 80w, https:\/\/elmensajeromx.com\/wp-content\/uploads\/2026\/04\/WhatsApp-Image-2026-04-06-at-21.13.14-2-150x113.jpeg 150w, https:\/\/elmensajeromx.com\/wp-content\/uploads\/2026\/04\/WhatsApp-Image-2026-04-06-at-21.13.14-2-696x522.jpeg 696w, https:\/\/elmensajeromx.com\/wp-content\/uploads\/2026\/04\/WhatsApp-Image-2026-04-06-at-21.13.14-2-1068x801.jpeg 1068w\" sizes=\"auto, (max-width: 1280px) 100vw, 1280px\" \/><\/p>\n","protected":false},"excerpt":{"rendered":"<p>Xalapa, Ver; 6 de abril de 2026.- La diputada local del Partido Verde Ecologista de M\u00e9xico (PVEM), Roxana Barrag\u00e1n Hern\u00e1ndez, sostuvo una reuni\u00f3n de trabajo con el secretario de Gobierno de Veracruz, Ricardo Ahued Bardahuil, as\u00ed como con destacados l\u00edderes pesqueros de diversas regiones del estado. Dijo que en este encuentro se abordaron temas prioritarios [&hellip;]<\/p>\n","protected":false},"author":3,"featured_media":1681,"comment_status":"open","ping_status":"open","sticky":false,"template":"","format":"standard","meta":{"footnotes":""},"categories":[5,3],"tags":[],"class_list":{"0":"post-1678","1":"post","2":"type-post","3":"status-publish","4":"format-standard","5":"has-post-thumbnail","7":"category-congreso-del-estado","8":"category-principal"},"_links":{"self":[{"href":"https:\/\/elmensajeromx.com\/index.php?rest_route=\/wp\/v2\/posts\/1678","targetHints":{"allow":["GET"]}}],"collection":[{"href":"https:\/\/elmensajeromx.com\/index.php?rest_route=\/wp\/v2\/posts"}],"about":[{"href":"https:\/\/elmensajeromx.com\/index.php?rest_route=\/wp\/v2\/types\/post"}],"author":[{"embeddable":true,"href":"https:\/\/elmensajeromx.com\/index.php?rest_route=\/wp\/v2\/users\/3"}],"replies":[{"embeddable":true,"href":"https:\/\/elmensajeromx.com\/index.php?rest_route=%2Fwp%2Fv2%2Fcomments&post=1678"}],"version-history":[{"count":1,"href":"https:\/\/elmensajeromx.com\/index.php?rest_route=\/wp\/v2\/posts\/1678\/revisions"}],"predecessor-version":[{"id":1682,"href":"https:\/\/elmensajeromx.com\/index.php?rest_route=\/wp\/v2\/posts\/1678\/revisions\/1682"}],"wp:featuredmedia":[{"embeddable":true,"href":"https:\/\/elmensajeromx.com\/index.php?rest_route=\/wp\/v2\/media\/1681"}],"wp:attachment":[{"href":"https:\/\/elmensajeromx.com\/index.php?rest_route=%2Fwp%2Fv2%2Fmedia&parent=1678"}],"wp:term":[{"taxonomy":"category","embeddable":true,"href":"https:\/\/elmensajeromx.com\/index.php?rest_route=%2Fwp%2Fv2%2Fcategories&post=1678"},{"taxonomy":"post_tag","embeddable":true,"href":"https:\/\/elmensajeromx.com\/index.php?rest_route=%2Fwp%2Fv2%2Ftags&post=1678"}],"curies":[{"name":"wp","href":"https:\/\/api.w.org\/{rel}","templated":true}]}}