{"id":1624,"date":"2026-04-04T12:22:55","date_gmt":"2026-04-04T12:22:55","guid":{"rendered":"https:\/\/elmensajeromx.com\/?p=1624"},"modified":"2026-04-04T12:22:55","modified_gmt":"2026-04-04T12:22:55","slug":"este-domingo-ingresa-a-territorio-veracruzano-el-frente-frio-43","status":"publish","type":"post","link":"https:\/\/elmensajeromx.com\/?p=1624","title":{"rendered":"Este domingo ingresa a territorio veracruzano el Frente Fr\u00edo 43"},"content":{"rendered":"<ul>\n<li>Debemos protegernos del calor.<\/li>\n<li>Evita incendios.<\/li>\n<li>Realicemos labores preventivas ante lluvias muy fuertes y Norte fuerte en la costa.<\/li>\n<\/ul>\n<p>La Secretar\u00eda de Protecci\u00f3n Civil de Veracruz informa que modelos de pron\u00f3stico sugieren que el frente fr\u00edo 43, actualmente ubicado desde un centro de baja presi\u00f3n en Oklahoma hasta el sureste del los Estados Unidos, ingrese al noroeste del Golfo de M\u00e9xico la noche del s\u00e1bado 4 y recorra el estado de Veracruz del domingo 5 por la tarde a la noche del lunes 6, generado lluvias y tormentas a su paso, con los acumulados m\u00e1s altos en monta\u00f1as del norte, Los Tuxtlas y alto Papaloapan. Por su parte, la masa de aire fr\u00edo de origen \u00e1rtico que lo desarroll\u00f3 e impulsa hacia el sureste, ocasionar\u00edan un evento de Norte con rachas fuertes de domingo por la tarde al lunes por la noche, as\u00ed como descenso de temperatura.<\/p>\n<p><strong>PRON\u00d3STICO<\/strong>:<\/p>\n<p><strong>Viernes 3:<\/strong> Despejado a medio nublado, probabilidad baja de lluvias, posibles nieblas o neblinas nocturnas a matutinas. Viento del Noroeste, Este y Sureste de 20 a 35 km\/h con rachas de 45 km\/h en la costa. Ambiente caluroso al mediod\u00eda, templado a fresco por la noche a madrugada. Oleaje de 1.0 a 1.5 metros en las proximidades de la costa.<\/p>\n<p><strong>S\u00e1bado 4:<\/strong> Despejado a medio nublado durante el d\u00eda, los nublados pueden aumentar por la noche con probabilidad de lluvias aisladas y ligeras. Viento del Noroeste, Este y Sureste de 20 a 35 km\/h con rachas de 45 km\/h en la costa. Ambiente caluroso al mediod\u00eda, templado a fresco por la noche a madrugada. Oleaje de 1.0 a 1.5 metros en las proximidades de la costa.<\/p>\n<p><a href=\"https:\/\/hoyxalapa.com\/wp-content\/uploads\/2026\/04\/AvosEspecial3abril2026.jpeg\"><img loading=\"lazy\" decoding=\"async\" class=\"alignleft size-full wp-image-298158\" src=\"https:\/\/hoyxalapa.com\/wp-content\/uploads\/2026\/04\/AvosEspecial3abril2026.jpeg\" alt=\"\" width=\"960\" height=\"720\" \/><\/a><\/p>\n<p><strong>Domingo 5:<\/strong> Aumenta el potencial de lluvias y tormentas, con acumulados de 5 a 20 mm en promedio en el estado y m\u00e1ximos de 70 a 150 mm en las partes altas de las cuencas del P\u00e1nuco al Colipa y de 50 a 70 mm, en las partes bajas de las cuencas del P\u00e1nuco al Colipa y entre las cuenca del Papaloapan al Tonal\u00e1, incluyendo los Tuxtlas, sin descartar mayores. Viento del Noroeste y Norte de 25 a 35 km\/h con rachas de 45 a 60 km\/h en la costa. La intensidad del calor disminuye y se mantiene ambiente templado a fresco a fr\u00edo por la noche y madrugada. Oleaje de 1.0 a 2.0 metros en las proximidades de la costa.<\/p>\n<p><strong>Lunes 6:<\/strong> Nublado con lluvias y tormentas, con acumulados de 5 a 20 mm en promedio en el estado y m\u00e1ximos de 50 a 70 mm entre las cuencas del Tecolutla al Colipa y entre las cuencas del Papaloapan al Tonal\u00e1, sin descartar mayores. Viento del Noroeste y Norte de 40 a 50 km\/h con rachas de 70 a 85 km\/h en las costa norte y centro y de 45 a 60 km\/h en la costa sur. Ambiente templado a caluroso y se mantiene ambiente templado a fresco a fr\u00edo por la noche y madrugada. Oleaje de 1.5 a 2.5 metros en las proximidades de la costa.<\/p>\n<p><a href=\"https:\/\/hoyxalapa.com\/wp-content\/uploads\/2026\/04\/SABADO-2.jpg\"><img loading=\"lazy\" decoding=\"async\" class=\"alignleft size-full wp-image-298156\" src=\"https:\/\/hoyxalapa.com\/wp-content\/uploads\/2026\/04\/SABADO-2.jpg\" alt=\"\" width=\"1280\" height=\"960\" \/><\/a><\/p>\n","protected":false},"excerpt":{"rendered":"<p>Debemos protegernos del calor. Evita incendios. Realicemos labores preventivas ante lluvias muy fuertes y Norte fuerte en la costa. La Secretar\u00eda de Protecci\u00f3n Civil de Veracruz informa que modelos de pron\u00f3stico sugieren que el frente fr\u00edo 43, actualmente ubicado desde un centro de baja presi\u00f3n en Oklahoma hasta el sureste del los Estados Unidos, ingrese [&hellip;]<\/p>\n","protected":false},"author":2,"featured_media":1625,"comment_status":"open","ping_status":"open","sticky":false,"template":"","format":"standard","meta":{"footnotes":""},"categories":[3,4],"tags":[44],"class_list":{"0":"post-1624","1":"post","2":"type-post","3":"status-publish","4":"format-standard","5":"has-post-thumbnail","7":"category-principal","8":"category-veracruz","9":"tag-frentefrio43"},"_links":{"self":[{"href":"https:\/\/elmensajeromx.com\/index.php?rest_route=\/wp\/v2\/posts\/1624","targetHints":{"allow":["GET"]}}],"collection":[{"href":"https:\/\/elmensajeromx.com\/index.php?rest_route=\/wp\/v2\/posts"}],"about":[{"href":"https:\/\/elmensajeromx.com\/index.php?rest_route=\/wp\/v2\/types\/post"}],"author":[{"embeddable":true,"href":"https:\/\/elmensajeromx.com\/index.php?rest_route=\/wp\/v2\/users\/2"}],"replies":[{"embeddable":true,"href":"https:\/\/elmensajeromx.com\/index.php?rest_route=%2Fwp%2Fv2%2Fcomments&post=1624"}],"version-history":[{"count":1,"href":"https:\/\/elmensajeromx.com\/index.php?rest_route=\/wp\/v2\/posts\/1624\/revisions"}],"predecessor-version":[{"id":1626,"href":"https:\/\/elmensajeromx.com\/index.php?rest_route=\/wp\/v2\/posts\/1624\/revisions\/1626"}],"wp:featuredmedia":[{"embeddable":true,"href":"https:\/\/elmensajeromx.com\/index.php?rest_route=\/wp\/v2\/media\/1625"}],"wp:attachment":[{"href":"https:\/\/elmensajeromx.com\/index.php?rest_route=%2Fwp%2Fv2%2Fmedia&parent=1624"}],"wp:term":[{"taxonomy":"category","embeddable":true,"href":"https:\/\/elmensajeromx.com\/index.php?rest_route=%2Fwp%2Fv2%2Fcategories&post=1624"},{"taxonomy":"post_tag","embeddable":true,"href":"https:\/\/elmensajeromx.com\/index.php?rest_route=%2Fwp%2Fv2%2Ftags&post=1624"}],"curies":[{"name":"wp","href":"https:\/\/api.w.org\/{rel}","templated":true}]}}