{"id":160,"date":"2026-03-03T10:13:19","date_gmt":"2026-03-03T10:13:19","guid":{"rendered":"https:\/\/elmensajeromx.com\/?p=160"},"modified":"2026-03-12T07:32:44","modified_gmt":"2026-03-12T07:32:44","slug":"uv-promueve-dialogo-academico-hacia-justicia-territorial","status":"publish","type":"post","link":"https:\/\/elmensajeromx.com\/?p=160","title":{"rendered":"UV promueve di\u00e1logo acad\u00e9mico hacia justicia territorial"},"content":{"rendered":"<div class=\"xdj266r x14z9mp xat24cr x1lziwak x1vvkbs x126k92a\">\n<div dir=\"auto\">\u2022 El rector Mart\u00edn Aguilar S\u00e1nchez inaugur\u00f3 el Congreso \u201cCiencias, Territorios y Desigualdades. Diversas miradas sobre el presente\u201d, con un llamado a reconocer el papel de la ciencia frente a los desaf\u00edos sociales<\/div>\n<\/div>\n<div class=\"x14z9mp xat24cr x1lziwak x1vvkbs xtlvy1s x126k92a\">\n<div dir=\"auto\">\u2022 Es organizado por el Instituto de Investigaciones y Estudios Superiores Econ\u00f3micos y Sociales (IIESES)<\/div>\n<div dir=\"auto\">\u2022 El encuentro re\u00fane a especialistas nacionales e internacionales para reflexionar sobre las desigualdades estructurales y su expresi\u00f3n en los territorios<\/div>\n<div dir=\"auto\"><\/div>\n<\/div>\n<div class=\"x14z9mp xat24cr x1lziwak x1vvkbs xtlvy1s x126k92a\">\n<div dir=\"auto\">Nuria Mart\u00ednez Cabrera \/ Fotos: Rodolfo de Jes\u00fas P\u00e9rez Carmona<\/div>\n<div dir=\"auto\"><\/div>\n<\/div>\n<div class=\"x14z9mp xat24cr x1lziwak x1vvkbs xtlvy1s x126k92a\">\n<div dir=\"auto\">Xalapa, Ver.- Con el objetivo de reflexionar en torno a las problem\u00e1ticas contempor\u00e1neas que atraviesan las ciencias sociales, la configuraci\u00f3n de los territorios y la persistencia de desigualdades estructurales, inici\u00f3 el Congreso \u201cCiencias, Territorios y Desigualdades. Diversas miradas sobre el presente\u201d, organizado por el Instituto de Investigaciones y Estudios Superiores Econ\u00f3micos y Sociales (IIESES) de la Universidad Veracruzana (UV).<\/div>\n<div dir=\"auto\"><\/div>\n<\/div>\n<div class=\"x14z9mp xat24cr x1lziwak x1vvkbs xtlvy1s x126k92a\">\n<div dir=\"auto\">El rector de la UV, Mart\u00edn Aguilar S\u00e1nchez, inaugur\u00f3 el encuentro con un llamado a reconocer el papel de la ciencia frente a los desaf\u00edos sociales contempor\u00e1neos, tomando en cuenta que \u00e9sta no es una actividad neutra ni ajena a su contexto, sino que se produce en territorios concretos atravesados por historias, culturas, conflictos y asimetr\u00edas.<\/div>\n<div dir=\"auto\"><\/div>\n<\/div>\n<div class=\"x14z9mp xat24cr x1lziwak x1vvkbs xtlvy1s x126k92a\">\n<div dir=\"auto\">\u201cLa Universidad Veracruzana ha definido como eje estrat\u00e9gico el fortalecimiento de una investigaci\u00f3n socialmente pertinente y \u00e9ticamente comprometida. Se trata de contribuir a la construcci\u00f3n de condiciones m\u00e1s justas para nuestras comunidades, no \u00fanicamente de generar indicadores de productividad acad\u00e9mica\u201d, sentenci\u00f3.<\/div>\n<div dir=\"auto\"><\/div>\n<\/div>\n<div class=\"x14z9mp xat24cr x1lziwak x1vvkbs xtlvy1s x126k92a\">\n<div dir=\"auto\">Al recordar las aportaciones del ge\u00f3grafo y te\u00f3rico social David Harvey, explic\u00f3 que el capitalismo no s\u00f3lo genera desigualdades sociales, sino que las inscribe territorialmente al concentrar inversiones en ciertos espacios y abandonar otros, es decir, las brechas regionales no son fen\u00f3menos accidentales, sino resultado de din\u00e1micas estructurales en las que la inversi\u00f3n, la infraestructura y el acceso al conocimiento se distribuyen de manera asim\u00e9trica.<\/div>\n<div dir=\"auto\"><\/div>\n<\/div>\n<div class=\"x14z9mp xat24cr x1lziwak x1vvkbs xtlvy1s x126k92a\">\n<div dir=\"auto\">En este contexto, afirm\u00f3 que, en un estado diverso y complejo como Veracruz, marcado por brechas sociales persistentes, la universidad p\u00fablica no puede permanecer como espectadora, sino que tiene una responsabilidad no s\u00f3lo administrativa, sino epistemol\u00f3gica en dichos contextos.<\/div>\n<div dir=\"auto\"><\/div>\n<\/div>\n<div class=\"x14z9mp xat24cr x1lziwak x1vvkbs xtlvy1s x126k92a\">\n<div dir=\"auto\">\u201cNuestra responsabilidad es producir conocimiento que ilumine esas realidades, que contribuya a comprenderlas con rigor y que dialogue con quienes las viven cotidianamente. La UV tiene presencia en m\u00faltiples regiones del Estado, esa condici\u00f3n territorial es administrativa y epistemol\u00f3gica, nos exige escuchar, investigar desde y con los contextos, reconocer saberes locales y articularlos con las tradiciones acad\u00e9micas m\u00e1s consolidadas\u201d, afirm\u00f3.<\/div>\n<div dir=\"auto\"><\/div>\n<\/div>\n<div class=\"x14z9mp xat24cr x1lziwak x1vvkbs xtlvy1s x126k92a\">\n<div dir=\"auto\">Por su parte, el director del IIESES, Julio C\u00e9sar Cruz Salas, subray\u00f3 que el congreso marca un hito institucional para el Instituto, al enmarcarse en el proceso de formalizaci\u00f3n de sus academias por l\u00edneas de investigaci\u00f3n y generaci\u00f3n de conocimiento.<\/div>\n<div dir=\"auto\"><\/div>\n<\/div>\n<div class=\"x14z9mp xat24cr x1lziwak x1vvkbs xtlvy1s x126k92a\">\n<div dir=\"auto\">\u201cLa finalidad de este evento es clara, ambiciosa, acercar justamente como se ha se\u00f1alado, a los diversos agentes sociales, al conocimiento producido en la academia, fomentando efectivamente un intercambio de saberes, un di\u00e1logo genuino entre perspectivas que emergen de nuestros escenarios sociales\u201d, dijo.<\/div>\n<div dir=\"auto\"><\/div>\n<\/div>\n<div class=\"x14z9mp xat24cr x1lziwak x1vvkbs xtlvy1s x126k92a\">\n<div dir=\"auto\">A su vez, el director general de Investigaciones, Roberto Zenteno Cuevas, resalt\u00f3 que el contexto global actual \u2014marcado por conflictos geopol\u00edticos y sus repercusiones econ\u00f3micas\u2014 es un ejemplo claro de c\u00f3mo las din\u00e1micas internacionales inciden directamente en los territorios y profundizan desigualdades. Por ello, reiter\u00f3 que el congreso representa un espacio pertinente para analizar, desde el rigor acad\u00e9mico y \u00e9tico, la relaci\u00f3n entre ciencias, territorios y brechas sociales, y para aportar soluciones adaptadas a las realidades regionales.<\/div>\n<div dir=\"auto\"><\/div>\n<\/div>\n<div class=\"x14z9mp xat24cr x1lziwak x1vvkbs xtlvy1s x126k92a\">\n<div dir=\"auto\">Asimismo, el presidente de la Fundaci\u00f3n \u00c9tica Mundial M\u00e9xico, Gerardo Mart\u00ednez Cristerna, reconoci\u00f3 el inter\u00e9s por abrir espacios de reflexi\u00f3n en torno a problem\u00e1ticas contempor\u00e1neas, ya que ante un mundo marcado por diferencias y tensiones, el di\u00e1logo constituye una obligaci\u00f3n humana indispensable para alcanzar acuerdos y construir aprendizaje colectivo.<\/div>\n<div dir=\"auto\"><\/div>\n<\/div>\n<div class=\"x14z9mp xat24cr x1lziwak x1vvkbs xtlvy1s x126k92a\">\n<div dir=\"auto\">Reflexi\u00f3n acad\u00e9mica hacia la equidad social<\/div>\n<div dir=\"auto\"><\/div>\n<\/div>\n<div class=\"x14z9mp xat24cr x1lziwak x1vvkbs xtlvy1s x126k92a\">\n<div dir=\"auto\">El acad\u00e9mico y tambi\u00e9n coordinador del Congreso, Dan\u00fa Alberto Fabre Platas, destac\u00f3 que este primer encuentro surge de un proceso de reflexi\u00f3n acad\u00e9mica de m\u00e1s de dos d\u00e9cadas entre colegas que han colaborado en distintos espacios de M\u00e9xico y el extranjero.<\/div>\n<div dir=\"auto\"><\/div>\n<\/div>\n<div class=\"x14z9mp xat24cr x1lziwak x1vvkbs xtlvy1s x126k92a\">\n<div dir=\"auto\">Explic\u00f3 que la conformaci\u00f3n de la academia \u201cEcolog\u00edas alternativas: realidades emergentes y epistemolog\u00edas marginales\u201d, responde a la necesidad de fortalecer el trabajo colectivo y atender \u00e1reas de oportunidad detectadas en el Doctorado en Investigaciones Econ\u00f3micas y Sociales del IIESES, por lo que, tras realizar diversos diagn\u00f3sticos internos, identificaron vac\u00edos que motivaron la organizaci\u00f3n del congreso como un espacio de articulaci\u00f3n y di\u00e1logo.<\/div>\n<div dir=\"auto\"><\/div>\n<\/div>\n<div class=\"x14z9mp xat24cr x1lziwak x1vvkbs xtlvy1s x126k92a\">\n<div dir=\"auto\">Fabre Platas subray\u00f3 que re\u00fane voces relevantes del \u00e1mbito acad\u00e9mico para reflexionar cr\u00edticamente sobre las desigualdades contempor\u00e1neas y cuestionar posturas epist\u00e9micas que limitan la comprensi\u00f3n e intervenci\u00f3n en territorios menos favorecidos.<\/div>\n<div dir=\"auto\"><\/div>\n<\/div>\n<div class=\"x14z9mp xat24cr x1lziwak x1vvkbs xtlvy1s x126k92a\">\n<div dir=\"auto\">\u201cLa finalidad de nuestro primer congreso es acercarnos y acercar a nuestros colegas a los diversos agentes sociales a un conocimiento que nos permita producir nuevas formas de abordaje epist\u00e9mico, te\u00f3rico, metodol\u00f3gico, no s\u00f3lo dentro de las ciencias sociales, sino el binomio de econom\u00eda \u2013 sociedad\u201d, indic\u00f3.<\/div>\n<div dir=\"auto\"><\/div>\n<\/div>\n<div class=\"x14z9mp xat24cr x1lziwak x1vvkbs xtlvy1s x126k92a\">\n<div dir=\"auto\">El tambi\u00e9n coordinador del encuentro, Rams\u00e9s Leonardo S\u00e1nchez Soberano, enfatiz\u00f3 que el foro se realiza en un contexto global marcado por crisis pol\u00edticas, econ\u00f3micas y conflictos b\u00e9licos, lo que exige abrir espacios de di\u00e1logo interdisciplinario.<\/div>\n<div dir=\"auto\"><\/div>\n<\/div>\n<div class=\"x14z9mp xat24cr x1lziwak x1vvkbs xtlvy1s x126k92a\">\n<div dir=\"auto\">\u201cEl di\u00e1logo es fundamentalmente la base de toda paz y los di\u00e1logos se hacen justamente en estos elementos, en estos lugares donde diferentes ciencias pueden ayudarnos para saber c\u00f3mo corresponder o responder mejor a las preguntas que nos hace el mundo. La idea de este congreso consiste fundamentalmente en entregar evidencia de lo que la universidad significa para la sociedad y esto es justamente ser un agente de cambio\u201d, apunt\u00f3.<\/div>\n<div dir=\"auto\"><\/div>\n<\/div>\n<div class=\"x14z9mp xat24cr x1lziwak x1vvkbs xtlvy1s x126k92a\">\n<div dir=\"auto\">Tambi\u00e9n participaron en el evento, v\u00eda remota, el presidente de la Asociaci\u00f3n Latinoamericana de Poblaci\u00f3n (ALAP) y representante de la Universidad de Costa Rica, Gilbert Brenes Camacho, funcionariado, integrantes del cuerpo acad\u00e9mico y estudiantil del IIESES, y dem\u00e1s integrantes de la comunidad universitaria.<\/div>\n<div dir=\"auto\"><\/div>\n<\/div>\n<div class=\"x14z9mp xat24cr x1lziwak x1vvkbs xtlvy1s x126k92a\">\n<div dir=\"auto\">Las conferencias magistrales iniciaron este 2 de marzo con el tema \u201cLos socioecosistemas: una mirada jer\u00e1rquica y anidada de la realidad humano-bio-f\u00edsica\u201d, impartida por Manuel Maass, del Instituto de Investigaciones en Ecosistemas y Sustentabilidad de la Universidad Nacional Aut\u00f3noma de M\u00e9xico (UNAM).<\/div>\n<\/div>\n","protected":false},"excerpt":{"rendered":"<p>\u2022 El rector Mart\u00edn Aguilar S\u00e1nchez inaugur\u00f3 el Congreso \u201cCiencias, Territorios y Desigualdades. Diversas miradas sobre el presente\u201d, con un llamado a reconocer el papel de la ciencia frente a los desaf\u00edos sociales \u2022 Es organizado por el Instituto de Investigaciones y Estudios Superiores Econ\u00f3micos y Sociales (IIESES) \u2022 El encuentro re\u00fane a especialistas nacionales [&hellip;]<\/p>\n","protected":false},"author":3,"featured_media":161,"comment_status":"open","ping_status":"open","sticky":false,"template":"","format":"standard","meta":{"footnotes":""},"categories":[3],"tags":[],"class_list":{"0":"post-160","1":"post","2":"type-post","3":"status-publish","4":"format-standard","5":"has-post-thumbnail","7":"category-principal"},"_links":{"self":[{"href":"https:\/\/elmensajeromx.com\/index.php?rest_route=\/wp\/v2\/posts\/160","targetHints":{"allow":["GET"]}}],"collection":[{"href":"https:\/\/elmensajeromx.com\/index.php?rest_route=\/wp\/v2\/posts"}],"about":[{"href":"https:\/\/elmensajeromx.com\/index.php?rest_route=\/wp\/v2\/types\/post"}],"author":[{"embeddable":true,"href":"https:\/\/elmensajeromx.com\/index.php?rest_route=\/wp\/v2\/users\/3"}],"replies":[{"embeddable":true,"href":"https:\/\/elmensajeromx.com\/index.php?rest_route=%2Fwp%2Fv2%2Fcomments&post=160"}],"version-history":[{"count":1,"href":"https:\/\/elmensajeromx.com\/index.php?rest_route=\/wp\/v2\/posts\/160\/revisions"}],"predecessor-version":[{"id":162,"href":"https:\/\/elmensajeromx.com\/index.php?rest_route=\/wp\/v2\/posts\/160\/revisions\/162"}],"wp:featuredmedia":[{"embeddable":true,"href":"https:\/\/elmensajeromx.com\/index.php?rest_route=\/wp\/v2\/media\/161"}],"wp:attachment":[{"href":"https:\/\/elmensajeromx.com\/index.php?rest_route=%2Fwp%2Fv2%2Fmedia&parent=160"}],"wp:term":[{"taxonomy":"category","embeddable":true,"href":"https:\/\/elmensajeromx.com\/index.php?rest_route=%2Fwp%2Fv2%2Fcategories&post=160"},{"taxonomy":"post_tag","embeddable":true,"href":"https:\/\/elmensajeromx.com\/index.php?rest_route=%2Fwp%2Fv2%2Ftags&post=160"}],"curies":[{"name":"wp","href":"https:\/\/api.w.org\/{rel}","templated":true}]}}