{"id":1553,"date":"2026-04-01T23:07:49","date_gmt":"2026-04-01T23:07:49","guid":{"rendered":"https:\/\/elmensajeromx.com\/?p=1553"},"modified":"2026-04-01T23:07:49","modified_gmt":"2026-04-01T23:07:49","slug":"trabajo-y-unidad-politica-ante-derrame-no-espectaculos-pide-esteban-bautista","status":"publish","type":"post","link":"https:\/\/elmensajeromx.com\/?p=1553","title":{"rendered":"Trabajo y unidad pol\u00edtica ante derrame, no espect\u00e1culos, pide Esteban Bautista"},"content":{"rendered":"<ul>\n<li>Reconoce respuesta inmediata del gobierno y rechaza oportunismo, negligencia y disputas partidistas.<\/li>\n<\/ul>\n<p>Xalapa, Ver., 01 de abril de 2026.- El Grupo Legislativo de Morena, en voz de su coordinador, el diputado Estaban Bautista Hern\u00e1ndez, reafirm\u00f3 su compromiso con la transparencia absoluta y la celeridad en la entrega de apoyos, al tiempo en que rechaz\u00f3 el uso faccioso del derrame de hidrocarburos en el Golfo de M\u00e9xico.<\/p>\n<p>En la Primera Sesi\u00f3n del Segundo Receso del segundo a\u00f1o de esta legislatura, el coordinador hizo uso de la palabra. Desde la tribuna del Recinto Oficial asever\u00f3 que la prioridad de esta fracci\u00f3n legislativa es y ser\u00e1 siempre la justicia social, exigiendo que las investigaciones solicitadas a la Fiscal\u00eda General de la Rep\u00fablica (FGR) y a la Procuradur\u00eda Federal de Protecci\u00f3n al Ambiente (Profepa) lleguen hasta las \u00faltimas consecuencias.<\/p>\n<p>Primeramente, destac\u00f3 la celeridad en la atenci\u00f3n por parte de la gobernadora Roc\u00edo Nahle Garc\u00eda despu\u00e9s de que se presentaron los primeros indicios de hidrocarburos y coordinaci\u00f3n estrat\u00e9gica, permanente y efectiva de este gobierno con Petr\u00f3leos Mexicanos (Pemex), Secretar\u00eda de Marina (Semar), Profepa y la Agencia de Seguridad, Energ\u00eda y Ambiente.<\/p>\n<p>A esto sum\u00f3 las acciones de atenci\u00f3n social y reactivaci\u00f3n econ\u00f3mica que est\u00e1n en marcha. \u201cEsta administraci\u00f3n avanza en el levantamiento de censos para pescadores y prestadores de servicios tur\u00edsticos, asegurando que los apoyos econ\u00f3micos y en especie lleguen de manera directa. Asimismo, se han fortalecido las campa\u00f1as de promoci\u00f3n para nuestros destinos\u201d, expres\u00f3.<\/p>\n<p>Al referir la declaraci\u00f3n de la presidenta Claudia Sheinbaum en cuanto a que el origen y las causas del derrame se encuentran bajo investigaci\u00f3n, el diputado afirm\u00f3 que ning\u00fan veracruzano y ninguna autoridad estatal es culpable o tiene responsabilidad en este derrame.<\/p>\n<p>Ante esta compleja situaci\u00f3n, agreg\u00f3, las instituciones no han descansado y mantienen un despliegue permanente de limpieza y vigilancia en los kil\u00f3metros alcanzados.<\/p>\n<p>Esteban Bautista rechaz\u00f3 el oportunismo pol\u00edtico de quienes evaden reconocer la respuesta inmediata del gobierno ante la presencia de hidrocarburos cerca de las costas locales y la proactividad de \u00e9ste para apoyar directamente a las personas cuyo sustento ha sido afectado por este evento.<\/p>\n<p>Se\u00f1al\u00f3 la actuaci\u00f3n negligente de quienes \u201cmienten a sabiendas de que la realidad no los respalda\u201d y no les preocupa el medio ambiente, la fauna marina, el sustento de los pescadores, ni mucho menos la industria petrolera.<\/p>\n<p>Por \u00faltimo, el coordinador de Morena en el Congreso indic\u00f3 que \u201cel camino hacia la recuperaci\u00f3n de nuestras costas debe construirse con rigor t\u00e9cnico y unidad pol\u00edtica, no con disputas partidistas que s\u00f3lo profundizan la incertidumbre\u201d.<\/p>\n<p><img loading=\"lazy\" decoding=\"async\" class=\"alignnone wp-image-1554 size-full\" src=\"https:\/\/elmensajeromx.com\/wp-content\/uploads\/2026\/04\/WhatsApp-Image-2026-04-01-at-16.02.43-1.jpeg\" alt=\"\" width=\"1280\" height=\"853\" srcset=\"https:\/\/elmensajeromx.com\/wp-content\/uploads\/2026\/04\/WhatsApp-Image-2026-04-01-at-16.02.43-1.jpeg 1280w, https:\/\/elmensajeromx.com\/wp-content\/uploads\/2026\/04\/WhatsApp-Image-2026-04-01-at-16.02.43-1-300x200.jpeg 300w, https:\/\/elmensajeromx.com\/wp-content\/uploads\/2026\/04\/WhatsApp-Image-2026-04-01-at-16.02.43-1-1024x682.jpeg 1024w, https:\/\/elmensajeromx.com\/wp-content\/uploads\/2026\/04\/WhatsApp-Image-2026-04-01-at-16.02.43-1-768x512.jpeg 768w, https:\/\/elmensajeromx.com\/wp-content\/uploads\/2026\/04\/WhatsApp-Image-2026-04-01-at-16.02.43-1-630x420.jpeg 630w, https:\/\/elmensajeromx.com\/wp-content\/uploads\/2026\/04\/WhatsApp-Image-2026-04-01-at-16.02.43-1-150x100.jpeg 150w, https:\/\/elmensajeromx.com\/wp-content\/uploads\/2026\/04\/WhatsApp-Image-2026-04-01-at-16.02.43-1-696x464.jpeg 696w, https:\/\/elmensajeromx.com\/wp-content\/uploads\/2026\/04\/WhatsApp-Image-2026-04-01-at-16.02.43-1-1068x712.jpeg 1068w\" sizes=\"auto, (max-width: 1280px) 100vw, 1280px\" \/><\/p>\n","protected":false},"excerpt":{"rendered":"<p>Reconoce respuesta inmediata del gobierno y rechaza oportunismo, negligencia y disputas partidistas. Xalapa, Ver., 01 de abril de 2026.- El Grupo Legislativo de Morena, en voz de su coordinador, el diputado Estaban Bautista Hern\u00e1ndez, reafirm\u00f3 su compromiso con la transparencia absoluta y la celeridad en la entrega de apoyos, al tiempo en que rechaz\u00f3 el [&hellip;]<\/p>\n","protected":false},"author":3,"featured_media":1555,"comment_status":"open","ping_status":"open","sticky":false,"template":"","format":"standard","meta":{"footnotes":""},"categories":[5,3],"tags":[],"class_list":{"0":"post-1553","1":"post","2":"type-post","3":"status-publish","4":"format-standard","5":"has-post-thumbnail","7":"category-congreso-del-estado","8":"category-principal"},"_links":{"self":[{"href":"https:\/\/elmensajeromx.com\/index.php?rest_route=\/wp\/v2\/posts\/1553","targetHints":{"allow":["GET"]}}],"collection":[{"href":"https:\/\/elmensajeromx.com\/index.php?rest_route=\/wp\/v2\/posts"}],"about":[{"href":"https:\/\/elmensajeromx.com\/index.php?rest_route=\/wp\/v2\/types\/post"}],"author":[{"embeddable":true,"href":"https:\/\/elmensajeromx.com\/index.php?rest_route=\/wp\/v2\/users\/3"}],"replies":[{"embeddable":true,"href":"https:\/\/elmensajeromx.com\/index.php?rest_route=%2Fwp%2Fv2%2Fcomments&post=1553"}],"version-history":[{"count":1,"href":"https:\/\/elmensajeromx.com\/index.php?rest_route=\/wp\/v2\/posts\/1553\/revisions"}],"predecessor-version":[{"id":1556,"href":"https:\/\/elmensajeromx.com\/index.php?rest_route=\/wp\/v2\/posts\/1553\/revisions\/1556"}],"wp:featuredmedia":[{"embeddable":true,"href":"https:\/\/elmensajeromx.com\/index.php?rest_route=\/wp\/v2\/media\/1555"}],"wp:attachment":[{"href":"https:\/\/elmensajeromx.com\/index.php?rest_route=%2Fwp%2Fv2%2Fmedia&parent=1553"}],"wp:term":[{"taxonomy":"category","embeddable":true,"href":"https:\/\/elmensajeromx.com\/index.php?rest_route=%2Fwp%2Fv2%2Fcategories&post=1553"},{"taxonomy":"post_tag","embeddable":true,"href":"https:\/\/elmensajeromx.com\/index.php?rest_route=%2Fwp%2Fv2%2Ftags&post=1553"}],"curies":[{"name":"wp","href":"https:\/\/api.w.org\/{rel}","templated":true}]}}