{"id":1550,"date":"2026-04-01T22:49:07","date_gmt":"2026-04-01T22:49:07","guid":{"rendered":"https:\/\/elmensajeromx.com\/?p=1550"},"modified":"2026-04-01T22:49:07","modified_gmt":"2026-04-01T22:49:07","slug":"la-discriminacion-laboral-afecta-a-mas-del-80-de-personas-con-autismo-diputada-roxana-barragan","status":"publish","type":"post","link":"https:\/\/elmensajeromx.com\/?p=1550","title":{"rendered":"La discriminaci\u00f3n laboral afecta a m\u00e1s del 80% de personas con autismo: Diputada Roxana Barrag\u00e1n"},"content":{"rendered":"<p>*El Grupo Legislativo del Partido Verde llama a combatir la discriminaci\u00f3n laboral hacia personas con discapacidad en Veracruz<\/p>\n<p>Xalapa, Ver; 1 de abril de 2026.- El Grupo Legislativo del Partido Verde en el Congreso de Veracruz, present\u00f3 un anteproyecto de punto de acuerdo que hace un urgente llamado a los 212 ayuntamientos veracruzanos, as\u00ed como a la Secretar\u00eda del Trabajo, Previsi\u00f3n Social y Productividad (STPSP), con el objetivo de implementar medidas concretas para combatir la discriminaci\u00f3n laboral que sufren las personas con condiciones limitantes o neurodivergentes.<\/p>\n<p>La diputada local, Roxana Barrag\u00e1n Hern\u00e1ndez, durante su intervenci\u00f3n en tribuna, enfatiz\u00f3 que la dignificaci\u00f3n del trabajo debe ser un compromiso de todos, y que el trabajo en igualdad de condiciones no debe ser un privilegio, sino un derecho fundamental de todos los seres humanos.<\/p>\n<p>Espec\u00edficamente, subray\u00f3 que este derecho debe ser garantizado sin ninguna forma de discriminaci\u00f3n, de manera que se eliminen las barreras que impiden el acceso a oportunidades laborales para aquellos que viven con alguna condici\u00f3n de discapacidad o neurodivergencia.<\/p>\n<p>En el punto de acuerdo, la diputada del Partido Verde Ecologista de M\u00e9xico (PVEM) mencion\u00f3 que, a menudo, la discapacidad es vista err\u00f3neamente como una limitaci\u00f3n o incapacidad.<\/p>\n<p>Sin embargo, enfatiz\u00f3 que la verdadera \u201cdiscapacidad\u201d se encuentra en la sociedad, cuando no logramos adaptar el entorno a las necesidades de todas las personas.<\/p>\n<p>\u201cLa discapacidad no radica en la condici\u00f3n de la persona, sino en nuestra falta de adaptaci\u00f3n y en las barreras que nosotros mismos hemos creado\u201d, dijo Roxana Barrag\u00e1n.<\/p>\n<p>La legisladora tambi\u00e9n hizo un llamado a la empat\u00eda y la inclusi\u00f3n, destacando que el trabajo y la vida en sociedad deben ser inclusivos y humanitarios, sin importar las diferencias.<\/p>\n<p>En Veracruz, subray\u00f3, a\u00fan persiste una realidad dolorosa. La discriminaci\u00f3n y exclusi\u00f3n de personas con condiciones limitantes, especialmente cuando se trata de acceder a un empleo digno.<\/p>\n<p>Abund\u00f3 que seg\u00fan datos de la Organizaci\u00f3n Mundial de la Salud (OMS), las neurodivergencias, como el autismo, no son limitaciones sino diferencias que enriquecen la manera en que las personas perciben, aprenden e interact\u00faan con el mundo. Por lo tanto, el problema no radica en la discapacidad, sino en los prejuicios sociales y laborales que niegan el acceso de estas personas al trabajo, a pesar de sus capacidades.<\/p>\n<p>\u201cHoy no s\u00f3lo vengo a hablar de cifras o leyes, vengo a hablar de personas. Vengo a hablar de ni\u00f1os, ni\u00f1as, j\u00f3venes y adultos que, todos los d\u00edas, enfrentan barreras que no deber\u00edan existir. Personas que tienen mucho que ofrecer y que merecen ser vistas por lo que son, no por lo que nos han ense\u00f1ado que deben ser\u201d, expres\u00f3 la legisladora del PVEM.<\/p>\n<p>En relaci\u00f3n a los datos alarmantes sobre la inserci\u00f3n laboral de personas dentro del espectro autista, la diputada se\u00f1al\u00f3 que, en M\u00e9xico, m\u00e1s del 80 por ciento de las personas dentro de este espectro enfrentan enormes dificultades para conseguir empleo.<\/p>\n<p>El anteproyecto presentado busca que los gobiernos municipales trabajen de la mano para crear pol\u00edticas p\u00fablicas y campa\u00f1as que fomenten la inclusi\u00f3n laboral de personas con discapacidades y neurodivergencias.<\/p>\n<p>Destac\u00f3 que no se trata de cumplir con una cuota o de hacer un acto simb\u00f3lico de inclusi\u00f3n, sino de ofrecer oportunidades reales para que las personas con discapacidades puedan desarrollarse y crecer profesionalmente en condiciones dignas.<\/p>\n<p>La diputada tambi\u00e9n denunci\u00f3 las condiciones laborales precarias en algunos ayuntamientos, donde las personas con discapacidades son contratadas bajo el pretexto de \u201capoyo\u201d pero reciben salarios por debajo del m\u00ednimo, incluso cuando realizan tareas completas y cumplen con jornadas laborales extensas, de hasta m\u00e1s de ocho horas diarias.<\/p>\n<p>La legisladora del Partido Verde hizo un llamado a la acci\u00f3n. \u201cNo se trata de que todos seamos iguales, sino de que todas y todos tengamos las mismas oportunidades. Y la oportunidad de acceder a un empleo digno es una de las m\u00e1s importantes. Porque al final, todos tenemos esa chispa que nos hace brillar, y esa chispa debe ser reconocida por la sociedad\u201d.<\/p>\n","protected":false},"excerpt":{"rendered":"<p>*El Grupo Legislativo del Partido Verde llama a combatir la discriminaci\u00f3n laboral hacia personas con discapacidad en Veracruz Xalapa, Ver; 1 de abril de 2026.- El Grupo Legislativo del Partido Verde en el Congreso de Veracruz, present\u00f3 un anteproyecto de punto de acuerdo que hace un urgente llamado a los 212 ayuntamientos veracruzanos, as\u00ed como [&hellip;]<\/p>\n","protected":false},"author":3,"featured_media":1551,"comment_status":"open","ping_status":"open","sticky":false,"template":"","format":"standard","meta":{"footnotes":""},"categories":[5,3],"tags":[],"class_list":{"0":"post-1550","1":"post","2":"type-post","3":"status-publish","4":"format-standard","5":"has-post-thumbnail","7":"category-congreso-del-estado","8":"category-principal"},"_links":{"self":[{"href":"https:\/\/elmensajeromx.com\/index.php?rest_route=\/wp\/v2\/posts\/1550","targetHints":{"allow":["GET"]}}],"collection":[{"href":"https:\/\/elmensajeromx.com\/index.php?rest_route=\/wp\/v2\/posts"}],"about":[{"href":"https:\/\/elmensajeromx.com\/index.php?rest_route=\/wp\/v2\/types\/post"}],"author":[{"embeddable":true,"href":"https:\/\/elmensajeromx.com\/index.php?rest_route=\/wp\/v2\/users\/3"}],"replies":[{"embeddable":true,"href":"https:\/\/elmensajeromx.com\/index.php?rest_route=%2Fwp%2Fv2%2Fcomments&post=1550"}],"version-history":[{"count":1,"href":"https:\/\/elmensajeromx.com\/index.php?rest_route=\/wp\/v2\/posts\/1550\/revisions"}],"predecessor-version":[{"id":1552,"href":"https:\/\/elmensajeromx.com\/index.php?rest_route=\/wp\/v2\/posts\/1550\/revisions\/1552"}],"wp:featuredmedia":[{"embeddable":true,"href":"https:\/\/elmensajeromx.com\/index.php?rest_route=\/wp\/v2\/media\/1551"}],"wp:attachment":[{"href":"https:\/\/elmensajeromx.com\/index.php?rest_route=%2Fwp%2Fv2%2Fmedia&parent=1550"}],"wp:term":[{"taxonomy":"category","embeddable":true,"href":"https:\/\/elmensajeromx.com\/index.php?rest_route=%2Fwp%2Fv2%2Fcategories&post=1550"},{"taxonomy":"post_tag","embeddable":true,"href":"https:\/\/elmensajeromx.com\/index.php?rest_route=%2Fwp%2Fv2%2Ftags&post=1550"}],"curies":[{"name":"wp","href":"https:\/\/api.w.org\/{rel}","templated":true}]}}