{"id":1533,"date":"2026-04-01T15:43:51","date_gmt":"2026-04-01T15:43:51","guid":{"rendered":"https:\/\/elmensajeromx.com\/?p=1533"},"modified":"2026-04-01T15:43:51","modified_gmt":"2026-04-01T15:43:51","slug":"condenan-a-exservidor-publico-por-encubrir-caso-de-desaparicion-en-veracruz","status":"publish","type":"post","link":"https:\/\/elmensajeromx.com\/?p=1533","title":{"rendered":"Condenan a exservidor p\u00fablico por encubrir caso de desaparici\u00f3n en Veracruz"},"content":{"rendered":"<p data-start=\"1840\" data-end=\"2143\"><strong data-start=\"1840\" data-end=\"1879\">Xalapa, Ver., 31 de marzo de 2026.-<\/strong> La <span class=\"hover:entity-accent entity-underline inline cursor-pointer align-baseline\"><span class=\"whitespace-normal\">Fiscal\u00eda General del Estado de Veracruz<\/span><\/span> logr\u00f3 que un juez emitiera un fallo condenatorio contra Gilberto \u201cN\u201d, se\u00f1alado por su participaci\u00f3n en un delito vinculado con la desaparici\u00f3n de personas, tras comprobarse que intent\u00f3 ocultar informaci\u00f3n clave en el caso.<\/p>\n<p data-start=\"2145\" data-end=\"2394\">Seg\u00fan la investigaci\u00f3n, el implicado, quien era servidor p\u00fablico cuando ocurrieron los hechos, habr\u00eda manipulado las condiciones en las que fue localizado el cuerpo de la v\u00edctima, con la intenci\u00f3n de encubrir un posible caso de desaparici\u00f3n forzada.<\/p>\n<p data-start=\"2396\" data-end=\"2598\">Este caso se remonta al 3 de febrero de 2016 y fue llevado ante los tribunales bajo el Juicio Oral J-104\/2024, donde el Ministerio P\u00fablico present\u00f3 pruebas suficientes para acreditar su responsabilidad.<\/p>\n<p data-start=\"2600\" data-end=\"2682\">Por ahora, la identidad de la v\u00edctima se mantiene reservada por disposici\u00f3n legal.<\/p>\n<p data-start=\"2684\" data-end=\"2835\">Ser\u00e1 en los pr\u00f3ximos d\u00edas cuando se realice la audiencia para definir la sentencia que deber\u00e1 cumplir, as\u00ed como la reparaci\u00f3n del da\u00f1o correspondiente.<\/p>\n<p data-start=\"2837\" data-end=\"2990\" data-is-last-node=\"\" data-is-only-node=\"\">Las autoridades estatales reiteraron que continuar\u00e1n trabajando para esclarecer este tipo de delitos y garantizar justicia a las v\u00edctimas y sus familias.<\/p>\n","protected":false},"excerpt":{"rendered":"<p>Xalapa, Ver., 31 de marzo de 2026.- La Fiscal\u00eda General del Estado de Veracruz logr\u00f3 que un juez emitiera un fallo condenatorio contra Gilberto \u201cN\u201d, se\u00f1alado por su participaci\u00f3n en un delito vinculado con la desaparici\u00f3n de personas, tras comprobarse que intent\u00f3 ocultar informaci\u00f3n clave en el caso. Seg\u00fan la investigaci\u00f3n, el implicado, quien era [&hellip;]<\/p>\n","protected":false},"author":3,"featured_media":1534,"comment_status":"open","ping_status":"open","sticky":false,"template":"","format":"standard","meta":{"footnotes":""},"categories":[3],"tags":[],"class_list":{"0":"post-1533","1":"post","2":"type-post","3":"status-publish","4":"format-standard","5":"has-post-thumbnail","7":"category-principal"},"_links":{"self":[{"href":"https:\/\/elmensajeromx.com\/index.php?rest_route=\/wp\/v2\/posts\/1533","targetHints":{"allow":["GET"]}}],"collection":[{"href":"https:\/\/elmensajeromx.com\/index.php?rest_route=\/wp\/v2\/posts"}],"about":[{"href":"https:\/\/elmensajeromx.com\/index.php?rest_route=\/wp\/v2\/types\/post"}],"author":[{"embeddable":true,"href":"https:\/\/elmensajeromx.com\/index.php?rest_route=\/wp\/v2\/users\/3"}],"replies":[{"embeddable":true,"href":"https:\/\/elmensajeromx.com\/index.php?rest_route=%2Fwp%2Fv2%2Fcomments&post=1533"}],"version-history":[{"count":1,"href":"https:\/\/elmensajeromx.com\/index.php?rest_route=\/wp\/v2\/posts\/1533\/revisions"}],"predecessor-version":[{"id":1535,"href":"https:\/\/elmensajeromx.com\/index.php?rest_route=\/wp\/v2\/posts\/1533\/revisions\/1535"}],"wp:featuredmedia":[{"embeddable":true,"href":"https:\/\/elmensajeromx.com\/index.php?rest_route=\/wp\/v2\/media\/1534"}],"wp:attachment":[{"href":"https:\/\/elmensajeromx.com\/index.php?rest_route=%2Fwp%2Fv2%2Fmedia&parent=1533"}],"wp:term":[{"taxonomy":"category","embeddable":true,"href":"https:\/\/elmensajeromx.com\/index.php?rest_route=%2Fwp%2Fv2%2Fcategories&post=1533"},{"taxonomy":"post_tag","embeddable":true,"href":"https:\/\/elmensajeromx.com\/index.php?rest_route=%2Fwp%2Fv2%2Ftags&post=1533"}],"curies":[{"name":"wp","href":"https:\/\/api.w.org\/{rel}","templated":true}]}}