{"id":1521,"date":"2026-04-01T14:32:19","date_gmt":"2026-04-01T14:32:19","guid":{"rendered":"https:\/\/elmensajeromx.com\/?p=1521"},"modified":"2026-04-01T14:32:19","modified_gmt":"2026-04-01T14:32:19","slug":"contrasenas-8","status":"publish","type":"post","link":"https:\/\/elmensajeromx.com\/?p=1521","title":{"rendered":"CONTRASE\u00d1AS"},"content":{"rendered":"<p>+ Judas nos representa, porque todos hemos traicionado: Jorge Carlos Patr\u00f3n.<\/p>\n<p>+ La iglesia de Xalapa le apuesta a la familia, a los j\u00f3venes, a los ni\u00f1os, dice el prelado cat\u00f3lico.<\/p>\n<p>+ El mal une a los cristianos; no hay ninguna denominaci\u00f3n cristiana que le apueste a la violencia y a la guerra.<\/p>\n<p><strong>Miguel Valera<\/strong><\/p>\n<p>Judas Iscariote, el ap\u00f3stol satanizado, el hombre que vendi\u00f3 a Cristo por 30 monedas de plata \u2014unos 214 mil pesos al tipo de cambio hoy\u2014, nos representa, nos dice el arzobispo de Xalapa, <strong>Jorge Carlos Patr\u00f3n Wong<\/strong>. El prelado xalape\u00f1o abre su agenda de Semana Santa para dialogar con integrantes de la Asociaci\u00f3n de Comunicadores de Veracruz (ACOVER).<\/p>\n<p>Acompa\u00f1ado del portavoz eclesial, el padre <strong>Juan Beristain de los Santos<\/strong>, el arzobispo originario de M\u00e9rida, Yucat\u00e1n, graduado como Psic\u00f3logo y licenciado en Teolog\u00eda Espiritual por la Pontificia Universidad Gregoriana de Roma, dice que todos nosotros \u2014los seres humanos, ni\u00f1os, adolescentes, j\u00f3venes o adultos\u2014 hemos sido traicionados y hemos traicionado.<\/p>\n<p>\u201cJudas nos representa, en cuanto hemos sido traicionados y que tambi\u00e9n hemos traicionado. La traici\u00f3n est\u00e1 representada por Judas. Todos nosotros hemos sido traicionados. Un ni\u00f1o, un adolescente, un joven, un adulto, ha acumulado traiciones. Desde ni\u00f1os nosotros traicionamos\u201d, expone el religioso que fue cercano al <strong>Papa Francisco<\/strong>.<\/p>\n<p>\u201cCuando hacemos un an\u00e1lisis de nuestras propias traiciones, a nosotros mismos, a nuestra familia, a Dios, a principios que hemos proclamado, a promesas que hemos hecho, cuando comprendemos los m\u00f3viles y dinamismos de nuestras propias traiciones, entonces podemos comprender los m\u00f3viles de las traiciones de los otros\u201d.<\/p>\n<p>\u201cY los m\u00f3viles de las traiciones estructuradas y organizadas\u201d, a\u00f1ade, para dejar entrever en su respuesta, las traiciones de los pol\u00edticos, de quienes venden espejitos en campa\u00f1as, de quienes sostienen sus arengas con la fuerza de la esperanza demag\u00f3gica.<\/p>\n<p>El arzobispo de Xalapa no lo dice ni se detiene en su mensaje. Al contrario, le da proyecci\u00f3n: \u201cEsta din\u00e1mica es realmente salvadora, porque no se trata de hablar de los otro. Yo hablo de los otros porque en ustedes veo reflejadas mis propias traiciones\u201d.<\/p>\n<p>\u201cSi nos colocamos en ese nivel podemos entender muy bien qu\u00e9 hay detr\u00e1s de las traiciones, qu\u00e9 intereses se mueven, qu\u00e9 debilidades\u201d, a\u00f1ade, ante el grupo de periodistas que en organizaci\u00f3n gremial preside <strong>Luis Emmanuel Dom\u00ednguez Rangel<\/strong>, a quienes obsequi\u00f3 su Plan de Catequesis del \u201cA\u00f1o de la Pastoral Social 2026\u201d y el libro \u201cFamilia ser y quehacer\u201d, del padre nacido en Maromilla, municipio de Zentla, de feliz memoria, <strong>Ren\u00e9 Cesa Cant\u00f3n<\/strong>.<\/p>\n<p>\u201cEsto, y es aqu\u00ed, los que creemos en Dios, pedimos a Dios, por una parte, que nosotros nos alejemos de ser traidores, porque tal vez yo s\u00ed puedo ser una persona m\u00e1s sincera y honesta con mi familia, con mis compa\u00f1eros de trabajo, con mi vida profesional, con mi vida cristiana, con mi propia familia\u201d.<\/p>\n<p>\u201cSi yo simplemente, en el \u00e1mbito donde yo vivo, no traiciono a nadie, autom\u00e1ticamente estoy haciendo una lectura prof\u00e9tica de aut\u00e9ntica ciudadan\u00eda\u201d.<\/p>\n<p>\u201cPor otra parte puedo entender y ser cr\u00edtico de por qu\u00e9 otros lo hacen, no dejarme enga\u00f1ar ni ser c\u00f3mplice. Pero esa es la verdad y ustedes pueden comunicar la verdad, pero desde el punto de vista de la comprensi\u00f3n, de la petici\u00f3n y de la exigencia\u201d, asevera el arzobispo.<\/p>\n<p><strong>LA SEMANA SANTA, PAN DE CADA D\u00cdA<\/strong><\/p>\n<p>Al reflexionar sobre la Semana Santa, dice que es algo que vivimos todos los d\u00edas en Veracruz y M\u00e9xico, \u201cporque hay pasi\u00f3n, hay lucha, sufrimiento, sacrificio, hay muerte, hay donaci\u00f3n, hay entrega, pero hay vida nueva. Eso que celebramos y vivimos en la Semana Santa lo vivimos todos los d\u00edas y la fuerza de Jes\u00fas est\u00e1 aqu\u00ed, se repite en nosotros todos los d\u00edas\u201d.<\/p>\n<p>Comenta que los comunicadores realizan dos actividades que Cristo, vivo, resucitado, pidi\u00f3 a todos sus creyentes, disc\u00edpulos y misioneros. \u201cLa primera es vayan y comuniquen, vayan y anuncien, lo que ustedes est\u00e1n haciendo, que es la verdad, que es el bien, el camino justo, que es la vida aut\u00e9ntica\u201d.<\/p>\n<p>\u201cLa iglesia, desde el inicio tuvo una misi\u00f3n: comunicar a otros una experiencia de verdad, un camino para recorrer, y un comunic\u00f3logo es lo que hace, hacer ver a los dem\u00e1s las verdades en todos los \u00e1mbitos de la vida; la parte positiva y la parte que hay que mejorar. Ustedes delinean, en sus reflexiones, caminos de soluci\u00f3n, de propuestas\u201d.<\/p>\n<p>\u201cDesde la fe, vemos que su misi\u00f3n significa y coincide con lo que es Jes\u00fas: camino, verdad y vida. Un comunic\u00f3logo debe ser eso: verdadero, buscar un camino de reconciliaci\u00f3n, de paz. En esto hay una sinton\u00eda total de su vocaci\u00f3n de periodistas con la vocaci\u00f3n de la iglesia\u201d, asent\u00f3.<\/p>\n<p>Por otro lado, coment\u00f3 que, siguiendo el ejemplo de <strong>San Rafael Gu\u00edzar y Valencia<\/strong>, la iglesia de Xalapa le ha apostado a la familia, a los j\u00f3venes y a los ni\u00f1os, a la formaci\u00f3n y no a la confrontaci\u00f3n.<\/p>\n<p>\u201cSomos m\u00e1s los mexicanos que queremos vivir de una manera diferente. La mayor\u00eda de los mexicanos estamos viviendo situaciones dificil\u00edsimas, al l\u00edmite. Todos nosotros podemos no perder la esperanza, no perder la posibilidad de que no hay noche eterna, la luz finalmente se da\u201d.<\/p>\n<p>\u201cHay una palabra que el Papa repite mucho: seamos sembradores de esperanza, porque la esperanza no es pensar en una soluci\u00f3n m\u00e1gica; es estar atravesando una dificultad y creer, y confiar, tener la certeza de que vamos a mejorar y creo que ustedes son testigos, la gente es luchadora\u201d, comenta el arzobispo Patr\u00f3n Wong.<\/p>\n<p>\u201cUno se pregunta: de d\u00f3nde sale tanta energ\u00eda, tanta fuerza, son personas que no pierden la esperanza. Aqu\u00ed se sigue teniendo amigos, hermanos, festejando, cantando y viviendo\u201d.<\/p>\n<p>\u201cNo perdemos la esperanza, porque cualquier persona vive una ocasi\u00f3n donde aparece una luz, por ejemplo con los festejos de cumplea\u00f1os, de la mam\u00e1, de las familias. Vivimos con esperanza. Al final festejamos lo que somos y lo que queremos y no caemos en esa versi\u00f3n patol\u00f3gica de nada m\u00e1s estar pensando en todo lo negativo\u201d, indica.<\/p>\n<p>Comenta, casi al finalizar el encuentro que la Iglesia cat\u00f3lica no deja de trabajar con las conciencias de los cristianos. \u201cAlgo que hacemos todos los d\u00edas es crear conciencia, formar y educar, proponer e invitar. Dejamos en libertad para que act\u00faen o no act\u00faen, participen o no participen. El respeto a las libertades es la parte m\u00e1s dif\u00edcil de aceptar en los seres humanos\u201d.<\/p>\n<p>Adem\u00e1s, insiste en que el mal une a los cristianos; porque no hay ninguna denominaci\u00f3n cristiana que le apueste a la violencia y a la guerra.<\/p>\n<p><strong>@MValeraH<\/strong><\/p>\n","protected":false},"excerpt":{"rendered":"<p>+ Judas nos representa, porque todos hemos traicionado: Jorge Carlos Patr\u00f3n. + La iglesia de Xalapa le apuesta a la familia, a los j\u00f3venes, a los ni\u00f1os, dice el prelado cat\u00f3lico. + El mal une a los cristianos; no hay ninguna denominaci\u00f3n cristiana que le apueste a la violencia y a la guerra. Miguel Valera [&hellip;]<\/p>\n","protected":false},"author":2,"featured_media":215,"comment_status":"open","ping_status":"open","sticky":false,"template":"","format":"standard","meta":{"footnotes":""},"categories":[6,4],"tags":[36],"class_list":{"0":"post-1521","1":"post","2":"type-post","3":"status-publish","4":"format-standard","5":"has-post-thumbnail","7":"category-opinion","8":"category-veracruz","9":"tag-contrasenas-miguelvalera-columna-opinion-veracruz-mexico-elmundo-periodismo"},"_links":{"self":[{"href":"https:\/\/elmensajeromx.com\/index.php?rest_route=\/wp\/v2\/posts\/1521","targetHints":{"allow":["GET"]}}],"collection":[{"href":"https:\/\/elmensajeromx.com\/index.php?rest_route=\/wp\/v2\/posts"}],"about":[{"href":"https:\/\/elmensajeromx.com\/index.php?rest_route=\/wp\/v2\/types\/post"}],"author":[{"embeddable":true,"href":"https:\/\/elmensajeromx.com\/index.php?rest_route=\/wp\/v2\/users\/2"}],"replies":[{"embeddable":true,"href":"https:\/\/elmensajeromx.com\/index.php?rest_route=%2Fwp%2Fv2%2Fcomments&post=1521"}],"version-history":[{"count":1,"href":"https:\/\/elmensajeromx.com\/index.php?rest_route=\/wp\/v2\/posts\/1521\/revisions"}],"predecessor-version":[{"id":1522,"href":"https:\/\/elmensajeromx.com\/index.php?rest_route=\/wp\/v2\/posts\/1521\/revisions\/1522"}],"wp:featuredmedia":[{"embeddable":true,"href":"https:\/\/elmensajeromx.com\/index.php?rest_route=\/wp\/v2\/media\/215"}],"wp:attachment":[{"href":"https:\/\/elmensajeromx.com\/index.php?rest_route=%2Fwp%2Fv2%2Fmedia&parent=1521"}],"wp:term":[{"taxonomy":"category","embeddable":true,"href":"https:\/\/elmensajeromx.com\/index.php?rest_route=%2Fwp%2Fv2%2Fcategories&post=1521"},{"taxonomy":"post_tag","embeddable":true,"href":"https:\/\/elmensajeromx.com\/index.php?rest_route=%2Fwp%2Fv2%2Ftags&post=1521"}],"curies":[{"name":"wp","href":"https:\/\/api.w.org\/{rel}","templated":true}]}}