{"id":1512,"date":"2026-04-01T00:39:39","date_gmt":"2026-04-01T00:39:39","guid":{"rendered":"https:\/\/elmensajeromx.com\/?p=1512"},"modified":"2026-04-01T00:39:39","modified_gmt":"2026-04-01T00:39:39","slug":"fortalece-ayuntamiento-de-veracruz-vinculos-de-cooperacion-con-espana","status":"publish","type":"post","link":"https:\/\/elmensajeromx.com\/?p=1512","title":{"rendered":"Fortalece Ayuntamiento de Veracruz v\u00ednculos de cooperaci\u00f3n con Espa\u00f1a"},"content":{"rendered":"<ul>\n<li>El Buque Escuela Juan Sebasti\u00e1n de Elcano, emblem\u00e1tica embarcaci\u00f3n de la Armada Espa\u00f1ola, podr\u00e1 ser visitado por la ciudadan\u00eda del 1 al 4 de abril<\/li>\n<\/ul>\n<p>Como parte de los v\u00ednculos hist\u00f3ricos de intercambio cultural, comercial y mar\u00edtimo entre Veracruz y Espa\u00f1a, la presidenta municipal, Rosa Mar\u00eda Hern\u00e1ndez Espejo, encabez\u00f3 en el Palacio Municipal la recepci\u00f3n oficial al Embajador de Espa\u00f1a en M\u00e9xico, Juan Duarte Cuadrado, as\u00ed como al comandante del Buque Escuela Juan Sebasti\u00e1n de Elcano, Jos\u00e9 Mar\u00eda de la Puente Mora-Figueroa, con motivo de la visita de esta embarcaci\u00f3n a la ciudad.<\/p>\n<p>En el encuentro participaron integrantes del cuerpo edilicio y representantes de la comunidad espa\u00f1ola en Veracruz. Asimismo, se entregaron reconocimientos a la comitiva diplom\u00e1tica por su compromiso con el entendimiento mutuo y el desarrollo, fortaleciendo los lazos de amistad y cooperaci\u00f3n entre Veracruz, M\u00e9xico y Espa\u00f1a.<br \/>\nPuertas abiertas del Buque Escuela Juan Sebasti\u00e1n de Elcano.<\/p>\n<p>La visita diplom\u00e1tica coincide con la llegada del Buque Escuela Juan Sebasti\u00e1n de Elcano, una embarcaci\u00f3n emblem\u00e1tica que, a lo largo de casi un siglo, ha recorrido los mares formando generaciones de marinos y representando a Espa\u00f1a en distintos pa\u00edses del mundo.<\/p>\n<p>El buque abrir\u00e1 sus puertas al p\u00fablico en los siguientes horarios: mi\u00e9rcoles 1 y jueves 2 de abril, de 15:30 a 19:00 horas; viernes 3 y s\u00e1bado 4 de abril, de 09:00 a 14:00 horas y de 15:30 a 19:00 horas. Permanecer\u00e1 en Veracruz hasta el domingo 5 de abril, antes de continuar su traves\u00eda internacional.<\/p>\n<p><img loading=\"lazy\" decoding=\"async\" class=\"alignnone size-medium wp-image-1513\" src=\"https:\/\/elmensajeromx.com\/wp-content\/uploads\/2026\/04\/WhatsApp-Image-2026-03-31-at-16.51.34-1-300x200.jpeg\" alt=\"\" width=\"300\" height=\"200\" srcset=\"https:\/\/elmensajeromx.com\/wp-content\/uploads\/2026\/04\/WhatsApp-Image-2026-03-31-at-16.51.34-1-300x200.jpeg 300w, https:\/\/elmensajeromx.com\/wp-content\/uploads\/2026\/04\/WhatsApp-Image-2026-03-31-at-16.51.34-1-1024x683.jpeg 1024w, https:\/\/elmensajeromx.com\/wp-content\/uploads\/2026\/04\/WhatsApp-Image-2026-03-31-at-16.51.34-1-768x512.jpeg 768w, https:\/\/elmensajeromx.com\/wp-content\/uploads\/2026\/04\/WhatsApp-Image-2026-03-31-at-16.51.34-1-630x420.jpeg 630w, https:\/\/elmensajeromx.com\/wp-content\/uploads\/2026\/04\/WhatsApp-Image-2026-03-31-at-16.51.34-1-150x100.jpeg 150w, https:\/\/elmensajeromx.com\/wp-content\/uploads\/2026\/04\/WhatsApp-Image-2026-03-31-at-16.51.34-1-696x464.jpeg 696w, https:\/\/elmensajeromx.com\/wp-content\/uploads\/2026\/04\/WhatsApp-Image-2026-03-31-at-16.51.34-1-1068x713.jpeg 1068w, https:\/\/elmensajeromx.com\/wp-content\/uploads\/2026\/04\/WhatsApp-Image-2026-03-31-at-16.51.34-1.jpeg 1280w\" sizes=\"auto, (max-width: 300px) 100vw, 300px\" \/> <img loading=\"lazy\" decoding=\"async\" class=\"alignnone size-medium wp-image-1515\" src=\"https:\/\/elmensajeromx.com\/wp-content\/uploads\/2026\/04\/WhatsApp-Image-2026-03-31-at-16.51.35-1-300x200.jpeg\" alt=\"\" width=\"300\" height=\"200\" srcset=\"https:\/\/elmensajeromx.com\/wp-content\/uploads\/2026\/04\/WhatsApp-Image-2026-03-31-at-16.51.35-1-300x200.jpeg 300w, https:\/\/elmensajeromx.com\/wp-content\/uploads\/2026\/04\/WhatsApp-Image-2026-03-31-at-16.51.35-1-1024x683.jpeg 1024w, https:\/\/elmensajeromx.com\/wp-content\/uploads\/2026\/04\/WhatsApp-Image-2026-03-31-at-16.51.35-1-768x512.jpeg 768w, https:\/\/elmensajeromx.com\/wp-content\/uploads\/2026\/04\/WhatsApp-Image-2026-03-31-at-16.51.35-1-630x420.jpeg 630w, https:\/\/elmensajeromx.com\/wp-content\/uploads\/2026\/04\/WhatsApp-Image-2026-03-31-at-16.51.35-1-150x100.jpeg 150w, https:\/\/elmensajeromx.com\/wp-content\/uploads\/2026\/04\/WhatsApp-Image-2026-03-31-at-16.51.35-1-696x464.jpeg 696w, https:\/\/elmensajeromx.com\/wp-content\/uploads\/2026\/04\/WhatsApp-Image-2026-03-31-at-16.51.35-1-1068x713.jpeg 1068w, https:\/\/elmensajeromx.com\/wp-content\/uploads\/2026\/04\/WhatsApp-Image-2026-03-31-at-16.51.35-1.jpeg 1280w\" sizes=\"auto, (max-width: 300px) 100vw, 300px\" \/> <img loading=\"lazy\" decoding=\"async\" class=\"alignnone size-medium wp-image-1516\" src=\"https:\/\/elmensajeromx.com\/wp-content\/uploads\/2026\/04\/WhatsApp-Image-2026-03-31-at-16.51.35-2-300x202.jpeg\" alt=\"\" width=\"300\" height=\"202\" srcset=\"https:\/\/elmensajeromx.com\/wp-content\/uploads\/2026\/04\/WhatsApp-Image-2026-03-31-at-16.51.35-2-300x202.jpeg 300w, https:\/\/elmensajeromx.com\/wp-content\/uploads\/2026\/04\/WhatsApp-Image-2026-03-31-at-16.51.35-2-1024x690.jpeg 1024w, https:\/\/elmensajeromx.com\/wp-content\/uploads\/2026\/04\/WhatsApp-Image-2026-03-31-at-16.51.35-2-768x517.jpeg 768w, https:\/\/elmensajeromx.com\/wp-content\/uploads\/2026\/04\/WhatsApp-Image-2026-03-31-at-16.51.35-2-624x420.jpeg 624w, https:\/\/elmensajeromx.com\/wp-content\/uploads\/2026\/04\/WhatsApp-Image-2026-03-31-at-16.51.35-2-150x101.jpeg 150w, https:\/\/elmensajeromx.com\/wp-content\/uploads\/2026\/04\/WhatsApp-Image-2026-03-31-at-16.51.35-2-696x469.jpeg 696w, https:\/\/elmensajeromx.com\/wp-content\/uploads\/2026\/04\/WhatsApp-Image-2026-03-31-at-16.51.35-2-1068x719.jpeg 1068w, https:\/\/elmensajeromx.com\/wp-content\/uploads\/2026\/04\/WhatsApp-Image-2026-03-31-at-16.51.35-2.jpeg 1280w\" sizes=\"auto, (max-width: 300px) 100vw, 300px\" \/> <img loading=\"lazy\" decoding=\"async\" class=\"alignnone size-medium wp-image-1517\" src=\"https:\/\/elmensajeromx.com\/wp-content\/uploads\/2026\/04\/WhatsApp-Image-2026-03-31-at-16.51.35-300x200.jpeg\" alt=\"\" width=\"300\" height=\"200\" srcset=\"https:\/\/elmensajeromx.com\/wp-content\/uploads\/2026\/04\/WhatsApp-Image-2026-03-31-at-16.51.35-300x200.jpeg 300w, https:\/\/elmensajeromx.com\/wp-content\/uploads\/2026\/04\/WhatsApp-Image-2026-03-31-at-16.51.35-1024x683.jpeg 1024w, https:\/\/elmensajeromx.com\/wp-content\/uploads\/2026\/04\/WhatsApp-Image-2026-03-31-at-16.51.35-768x512.jpeg 768w, https:\/\/elmensajeromx.com\/wp-content\/uploads\/2026\/04\/WhatsApp-Image-2026-03-31-at-16.51.35-630x420.jpeg 630w, https:\/\/elmensajeromx.com\/wp-content\/uploads\/2026\/04\/WhatsApp-Image-2026-03-31-at-16.51.35-150x100.jpeg 150w, https:\/\/elmensajeromx.com\/wp-content\/uploads\/2026\/04\/WhatsApp-Image-2026-03-31-at-16.51.35-696x464.jpeg 696w, https:\/\/elmensajeromx.com\/wp-content\/uploads\/2026\/04\/WhatsApp-Image-2026-03-31-at-16.51.35-1068x713.jpeg 1068w, https:\/\/elmensajeromx.com\/wp-content\/uploads\/2026\/04\/WhatsApp-Image-2026-03-31-at-16.51.35.jpeg 1280w\" sizes=\"auto, (max-width: 300px) 100vw, 300px\" \/><\/p>\n","protected":false},"excerpt":{"rendered":"<p>El Buque Escuela Juan Sebasti\u00e1n de Elcano, emblem\u00e1tica embarcaci\u00f3n de la Armada Espa\u00f1ola, podr\u00e1 ser visitado por la ciudadan\u00eda del 1 al 4 de abril Como parte de los v\u00ednculos hist\u00f3ricos de intercambio cultural, comercial y mar\u00edtimo entre Veracruz y Espa\u00f1a, la presidenta municipal, Rosa Mar\u00eda Hern\u00e1ndez Espejo, encabez\u00f3 en el Palacio Municipal la recepci\u00f3n [&hellip;]<\/p>\n","protected":false},"author":3,"featured_media":1514,"comment_status":"open","ping_status":"open","sticky":false,"template":"","format":"standard","meta":{"footnotes":""},"categories":[8,3,4],"tags":[],"class_list":{"0":"post-1512","1":"post","2":"type-post","3":"status-publish","4":"format-standard","5":"has-post-thumbnail","7":"category-ayuntamientos","8":"category-principal","9":"category-veracruz"},"_links":{"self":[{"href":"https:\/\/elmensajeromx.com\/index.php?rest_route=\/wp\/v2\/posts\/1512","targetHints":{"allow":["GET"]}}],"collection":[{"href":"https:\/\/elmensajeromx.com\/index.php?rest_route=\/wp\/v2\/posts"}],"about":[{"href":"https:\/\/elmensajeromx.com\/index.php?rest_route=\/wp\/v2\/types\/post"}],"author":[{"embeddable":true,"href":"https:\/\/elmensajeromx.com\/index.php?rest_route=\/wp\/v2\/users\/3"}],"replies":[{"embeddable":true,"href":"https:\/\/elmensajeromx.com\/index.php?rest_route=%2Fwp%2Fv2%2Fcomments&post=1512"}],"version-history":[{"count":1,"href":"https:\/\/elmensajeromx.com\/index.php?rest_route=\/wp\/v2\/posts\/1512\/revisions"}],"predecessor-version":[{"id":1518,"href":"https:\/\/elmensajeromx.com\/index.php?rest_route=\/wp\/v2\/posts\/1512\/revisions\/1518"}],"wp:featuredmedia":[{"embeddable":true,"href":"https:\/\/elmensajeromx.com\/index.php?rest_route=\/wp\/v2\/media\/1514"}],"wp:attachment":[{"href":"https:\/\/elmensajeromx.com\/index.php?rest_route=%2Fwp%2Fv2%2Fmedia&parent=1512"}],"wp:term":[{"taxonomy":"category","embeddable":true,"href":"https:\/\/elmensajeromx.com\/index.php?rest_route=%2Fwp%2Fv2%2Fcategories&post=1512"},{"taxonomy":"post_tag","embeddable":true,"href":"https:\/\/elmensajeromx.com\/index.php?rest_route=%2Fwp%2Fv2%2Ftags&post=1512"}],"curies":[{"name":"wp","href":"https:\/\/api.w.org\/{rel}","templated":true}]}}