{"id":1492,"date":"2026-03-31T20:03:25","date_gmt":"2026-03-31T20:03:25","guid":{"rendered":"https:\/\/elmensajeromx.com\/?p=1492"},"modified":"2026-03-31T20:03:25","modified_gmt":"2026-03-31T20:03:25","slug":"fiscalia-de-veracruz-logra-prision-preventiva-contra-presunta-distribuidora-de-narcoticos-en-la-ciudad-de-veracruz","status":"publish","type":"post","link":"https:\/\/elmensajeromx.com\/?p=1492","title":{"rendered":"Fiscal\u00eda de Veracruz logra prisi\u00f3n preventiva contra presunta distribuidora de narc\u00f3ticos en la ciudad de Veracruz"},"content":{"rendered":"<p>Xalapa, Ver., 31 de marzo 2026.- Derivado del trabajo de investigaci\u00f3n ministerial, la Fiscal\u00eda General del Estado de Veracruz, a trav\u00e9s de la Fiscal\u00eda Regional Veracruz, report\u00f3 la legalizaci\u00f3n de la detenci\u00f3n y formulaci\u00f3n de imputaci\u00f3n ante el \u00f3rgano jurisdiccional en contra de Laura Cristel \u201cN\u201d, quien es se\u00f1alada por su presunta responsabilidad en los delitos contra la salud en agravio de la salud p\u00fablica.<\/p>\n<p>Durante la audiencia inicial, la autoridad judicial dict\u00f3 como medida cautelar la prisi\u00f3n preventiva justificada. Asimismo, estableci\u00f3 una nueva fecha para llevar a cabo la audiencia de continuaci\u00f3n.<\/p>\n<p>Los hechos de los cuales es se\u00f1alada acontecieron despu\u00e9s de ser sorprendida en presunta venta de narc\u00f3ticos, hechos asentados dentro del proceso penal n\u00famero 117\/2026.<\/p>\n<p>Con estas acciones, la Fiscal\u00eda General del Estado reafirma su compromiso de combatir los delitos que afectan la salud p\u00fablica, mediante investigaciones profesionales y apegadas a derecho, que permitan llevar ante la justicia a quienes resulten presuntamente responsables.<\/p>\n","protected":false},"excerpt":{"rendered":"<p>Xalapa, Ver., 31 de marzo 2026.- Derivado del trabajo de investigaci\u00f3n ministerial, la Fiscal\u00eda General del Estado de Veracruz, a trav\u00e9s de la Fiscal\u00eda Regional Veracruz, report\u00f3 la legalizaci\u00f3n de la detenci\u00f3n y formulaci\u00f3n de imputaci\u00f3n ante el \u00f3rgano jurisdiccional en contra de Laura Cristel \u201cN\u201d, quien es se\u00f1alada por su presunta responsabilidad en los [&hellip;]<\/p>\n","protected":false},"author":3,"featured_media":1493,"comment_status":"open","ping_status":"open","sticky":false,"template":"","format":"standard","meta":{"footnotes":""},"categories":[3],"tags":[],"class_list":{"0":"post-1492","1":"post","2":"type-post","3":"status-publish","4":"format-standard","5":"has-post-thumbnail","7":"category-principal"},"_links":{"self":[{"href":"https:\/\/elmensajeromx.com\/index.php?rest_route=\/wp\/v2\/posts\/1492","targetHints":{"allow":["GET"]}}],"collection":[{"href":"https:\/\/elmensajeromx.com\/index.php?rest_route=\/wp\/v2\/posts"}],"about":[{"href":"https:\/\/elmensajeromx.com\/index.php?rest_route=\/wp\/v2\/types\/post"}],"author":[{"embeddable":true,"href":"https:\/\/elmensajeromx.com\/index.php?rest_route=\/wp\/v2\/users\/3"}],"replies":[{"embeddable":true,"href":"https:\/\/elmensajeromx.com\/index.php?rest_route=%2Fwp%2Fv2%2Fcomments&post=1492"}],"version-history":[{"count":1,"href":"https:\/\/elmensajeromx.com\/index.php?rest_route=\/wp\/v2\/posts\/1492\/revisions"}],"predecessor-version":[{"id":1494,"href":"https:\/\/elmensajeromx.com\/index.php?rest_route=\/wp\/v2\/posts\/1492\/revisions\/1494"}],"wp:featuredmedia":[{"embeddable":true,"href":"https:\/\/elmensajeromx.com\/index.php?rest_route=\/wp\/v2\/media\/1493"}],"wp:attachment":[{"href":"https:\/\/elmensajeromx.com\/index.php?rest_route=%2Fwp%2Fv2%2Fmedia&parent=1492"}],"wp:term":[{"taxonomy":"category","embeddable":true,"href":"https:\/\/elmensajeromx.com\/index.php?rest_route=%2Fwp%2Fv2%2Fcategories&post=1492"},{"taxonomy":"post_tag","embeddable":true,"href":"https:\/\/elmensajeromx.com\/index.php?rest_route=%2Fwp%2Fv2%2Ftags&post=1492"}],"curies":[{"name":"wp","href":"https:\/\/api.w.org\/{rel}","templated":true}]}}