{"id":1486,"date":"2026-03-31T19:44:46","date_gmt":"2026-03-31T19:44:46","guid":{"rendered":"https:\/\/elmensajeromx.com\/?p=1486"},"modified":"2026-03-31T19:44:46","modified_gmt":"2026-03-31T19:44:46","slug":"transformar-el-campo-prioridad-del-gobierno-municipal-de-veracruz","status":"publish","type":"post","link":"https:\/\/elmensajeromx.com\/?p=1486","title":{"rendered":"Transformar el campo, prioridad del gobierno municipal de Veracruz"},"content":{"rendered":"<ul>\n<li>Autoridades y productores trabajar\u00e1n de manera coordinada para fortalecer el sector agropecuario y mejorar las condiciones de vida en las comunidades rurales<\/li>\n<\/ul>\n<p>Al tomar protesta al Consejo Municipal de Desarrollo Rural Sustentable, la alcaldesa de Veracruz, Rosa Mar\u00eda Hern\u00e1ndez Espejo, quien preside este \u00f3rgano colegiado, enfatiz\u00f3 que transformar el campo es una prioridad para su gobierno, al ser un sector donde mujeres y hombres impulsan el desarrollo y bienestar del municipio.<\/p>\n<p>Destac\u00f3 que este consejo permitir\u00e1 coordinar esfuerzos entre autoridades de los tres \u00f3rdenes de gobierno y productores locales, para establecer una ruta de trabajo con acciones estrat\u00e9gicas que fortalezcan la productividad, mejoren el ingreso de las familias rurales y promuevan el desarrollo sostenible en las localidades.<\/p>\n<p>Se\u00f1al\u00f3 que se trata de un \u00f3rgano incluyente, plural y democr\u00e1tico, donde participan agricultores, ganaderos y emprendedores del sector rural, quienes aportan sus conocimientos para la toma de decisiones, priorizando proyectos que atiendan las necesidades reales de las comunidades y fortalezcan el crecimiento del municipio.<\/p>\n<p>Finalmente, reiter\u00f3 el compromiso de su administraci\u00f3n de trabajar de manera coordinada con los gobiernos estatal y federal, as\u00ed como con los sectores productivos, para impulsar acciones que consoliden la soberan\u00eda alimentaria, garanticen el abasto de alimentos y generen mejores oportunidades para las y los veracruzanos.<\/p>\n<p><img loading=\"lazy\" decoding=\"async\" class=\"alignnone size-medium wp-image-1488\" src=\"https:\/\/elmensajeromx.com\/wp-content\/uploads\/2026\/03\/WhatsApp-Image-2026-03-31-at-13.11.49-1-300x200.jpeg\" alt=\"\" width=\"300\" height=\"200\" srcset=\"https:\/\/elmensajeromx.com\/wp-content\/uploads\/2026\/03\/WhatsApp-Image-2026-03-31-at-13.11.49-1-300x200.jpeg 300w, https:\/\/elmensajeromx.com\/wp-content\/uploads\/2026\/03\/WhatsApp-Image-2026-03-31-at-13.11.49-1-1024x683.jpeg 1024w, https:\/\/elmensajeromx.com\/wp-content\/uploads\/2026\/03\/WhatsApp-Image-2026-03-31-at-13.11.49-1-768x512.jpeg 768w, https:\/\/elmensajeromx.com\/wp-content\/uploads\/2026\/03\/WhatsApp-Image-2026-03-31-at-13.11.49-1-630x420.jpeg 630w, https:\/\/elmensajeromx.com\/wp-content\/uploads\/2026\/03\/WhatsApp-Image-2026-03-31-at-13.11.49-1-150x100.jpeg 150w, https:\/\/elmensajeromx.com\/wp-content\/uploads\/2026\/03\/WhatsApp-Image-2026-03-31-at-13.11.49-1-696x464.jpeg 696w, https:\/\/elmensajeromx.com\/wp-content\/uploads\/2026\/03\/WhatsApp-Image-2026-03-31-at-13.11.49-1-1068x713.jpeg 1068w, https:\/\/elmensajeromx.com\/wp-content\/uploads\/2026\/03\/WhatsApp-Image-2026-03-31-at-13.11.49-1.jpeg 1280w\" sizes=\"auto, (max-width: 300px) 100vw, 300px\" \/> <img loading=\"lazy\" decoding=\"async\" class=\"alignnone size-medium wp-image-1489\" src=\"https:\/\/elmensajeromx.com\/wp-content\/uploads\/2026\/03\/WhatsApp-Image-2026-03-31-at-13.11.49-300x200.jpeg\" alt=\"\" width=\"300\" height=\"200\" srcset=\"https:\/\/elmensajeromx.com\/wp-content\/uploads\/2026\/03\/WhatsApp-Image-2026-03-31-at-13.11.49-300x200.jpeg 300w, https:\/\/elmensajeromx.com\/wp-content\/uploads\/2026\/03\/WhatsApp-Image-2026-03-31-at-13.11.49-1024x683.jpeg 1024w, https:\/\/elmensajeromx.com\/wp-content\/uploads\/2026\/03\/WhatsApp-Image-2026-03-31-at-13.11.49-768x512.jpeg 768w, https:\/\/elmensajeromx.com\/wp-content\/uploads\/2026\/03\/WhatsApp-Image-2026-03-31-at-13.11.49-630x420.jpeg 630w, https:\/\/elmensajeromx.com\/wp-content\/uploads\/2026\/03\/WhatsApp-Image-2026-03-31-at-13.11.49-150x100.jpeg 150w, https:\/\/elmensajeromx.com\/wp-content\/uploads\/2026\/03\/WhatsApp-Image-2026-03-31-at-13.11.49-696x464.jpeg 696w, https:\/\/elmensajeromx.com\/wp-content\/uploads\/2026\/03\/WhatsApp-Image-2026-03-31-at-13.11.49-1068x713.jpeg 1068w, https:\/\/elmensajeromx.com\/wp-content\/uploads\/2026\/03\/WhatsApp-Image-2026-03-31-at-13.11.49.jpeg 1280w\" sizes=\"auto, (max-width: 300px) 100vw, 300px\" \/> <img loading=\"lazy\" decoding=\"async\" class=\"alignnone size-medium wp-image-1490\" src=\"https:\/\/elmensajeromx.com\/wp-content\/uploads\/2026\/03\/WhatsApp-Image-2026-03-31-at-13.11.50-300x200.jpeg\" alt=\"\" width=\"300\" height=\"200\" srcset=\"https:\/\/elmensajeromx.com\/wp-content\/uploads\/2026\/03\/WhatsApp-Image-2026-03-31-at-13.11.50-300x200.jpeg 300w, https:\/\/elmensajeromx.com\/wp-content\/uploads\/2026\/03\/WhatsApp-Image-2026-03-31-at-13.11.50-1024x683.jpeg 1024w, https:\/\/elmensajeromx.com\/wp-content\/uploads\/2026\/03\/WhatsApp-Image-2026-03-31-at-13.11.50-768x512.jpeg 768w, https:\/\/elmensajeromx.com\/wp-content\/uploads\/2026\/03\/WhatsApp-Image-2026-03-31-at-13.11.50-630x420.jpeg 630w, https:\/\/elmensajeromx.com\/wp-content\/uploads\/2026\/03\/WhatsApp-Image-2026-03-31-at-13.11.50-150x100.jpeg 150w, https:\/\/elmensajeromx.com\/wp-content\/uploads\/2026\/03\/WhatsApp-Image-2026-03-31-at-13.11.50-696x464.jpeg 696w, https:\/\/elmensajeromx.com\/wp-content\/uploads\/2026\/03\/WhatsApp-Image-2026-03-31-at-13.11.50-1068x713.jpeg 1068w, https:\/\/elmensajeromx.com\/wp-content\/uploads\/2026\/03\/WhatsApp-Image-2026-03-31-at-13.11.50.jpeg 1280w\" sizes=\"auto, (max-width: 300px) 100vw, 300px\" \/><\/p>\n","protected":false},"excerpt":{"rendered":"<p>Autoridades y productores trabajar\u00e1n de manera coordinada para fortalecer el sector agropecuario y mejorar las condiciones de vida en las comunidades rurales Al tomar protesta al Consejo Municipal de Desarrollo Rural Sustentable, la alcaldesa de Veracruz, Rosa Mar\u00eda Hern\u00e1ndez Espejo, quien preside este \u00f3rgano colegiado, enfatiz\u00f3 que transformar el campo es una prioridad para su [&hellip;]<\/p>\n","protected":false},"author":3,"featured_media":1487,"comment_status":"open","ping_status":"open","sticky":false,"template":"","format":"standard","meta":{"footnotes":""},"categories":[8,3,4],"tags":[],"class_list":{"0":"post-1486","1":"post","2":"type-post","3":"status-publish","4":"format-standard","5":"has-post-thumbnail","7":"category-ayuntamientos","8":"category-principal","9":"category-veracruz"},"_links":{"self":[{"href":"https:\/\/elmensajeromx.com\/index.php?rest_route=\/wp\/v2\/posts\/1486","targetHints":{"allow":["GET"]}}],"collection":[{"href":"https:\/\/elmensajeromx.com\/index.php?rest_route=\/wp\/v2\/posts"}],"about":[{"href":"https:\/\/elmensajeromx.com\/index.php?rest_route=\/wp\/v2\/types\/post"}],"author":[{"embeddable":true,"href":"https:\/\/elmensajeromx.com\/index.php?rest_route=\/wp\/v2\/users\/3"}],"replies":[{"embeddable":true,"href":"https:\/\/elmensajeromx.com\/index.php?rest_route=%2Fwp%2Fv2%2Fcomments&post=1486"}],"version-history":[{"count":1,"href":"https:\/\/elmensajeromx.com\/index.php?rest_route=\/wp\/v2\/posts\/1486\/revisions"}],"predecessor-version":[{"id":1491,"href":"https:\/\/elmensajeromx.com\/index.php?rest_route=\/wp\/v2\/posts\/1486\/revisions\/1491"}],"wp:featuredmedia":[{"embeddable":true,"href":"https:\/\/elmensajeromx.com\/index.php?rest_route=\/wp\/v2\/media\/1487"}],"wp:attachment":[{"href":"https:\/\/elmensajeromx.com\/index.php?rest_route=%2Fwp%2Fv2%2Fmedia&parent=1486"}],"wp:term":[{"taxonomy":"category","embeddable":true,"href":"https:\/\/elmensajeromx.com\/index.php?rest_route=%2Fwp%2Fv2%2Fcategories&post=1486"},{"taxonomy":"post_tag","embeddable":true,"href":"https:\/\/elmensajeromx.com\/index.php?rest_route=%2Fwp%2Fv2%2Ftags&post=1486"}],"curies":[{"name":"wp","href":"https:\/\/api.w.org\/{rel}","templated":true}]}}