{"id":1468,"date":"2026-03-31T02:05:21","date_gmt":"2026-03-31T02:05:21","guid":{"rendered":"https:\/\/elmensajeromx.com\/?p=1468"},"modified":"2026-03-31T02:05:21","modified_gmt":"2026-03-31T02:05:21","slug":"se-realizo-jornada-de-capacitacion-a-prestadores-de-servicios-turisticos-de-xalapa","status":"publish","type":"post","link":"https:\/\/elmensajeromx.com\/?p=1468","title":{"rendered":"Se realiz\u00f3 jornada de capacitaci\u00f3n a prestadores de servicios tur\u00edsticos de Xalapa"},"content":{"rendered":"<p>Xalapa, Ver., 30 de marzo de 2026.- Como parte de las acciones para elevar la calidad en la atenci\u00f3n tur\u00edstica y prevenir \u00e1reas de oportunidad en el servicio, el Ayuntamiento de Xalapa, que preside la Alcaldesa, Lic. Daniela Griego Ceballos, puso en marcha la Jornada de Capacitaci\u00f3n para el Sector Tur\u00edstico de Xalapa, que en esta etapa abord\u00f3 el tema \u201cDeficiencias en la atenci\u00f3n tur\u00edstica y c\u00f3mo evitarlas\u201d.<\/p>\n<p>A trav\u00e9s de la Direcci\u00f3n de Turismo, a cargo del Lic. Eduardo Blanco Guillaum\u00edn, y en cumplimiento de la normatividad estatal y municipal en materia de servicios tur\u00edsticos, esta jornada atendi\u00f3 la solicitud realizada por la Direcci\u00f3n de Cultura de este Ayuntamiento, con el prop\u00f3sito de profesionalizar a prestadoras y prestadores de servicios.<\/p>\n<p>La capacitaci\u00f3n estuvo dirigida a gu\u00edas y personal administrativo que laboran en espacios representativos, como el Museo Casa Xalapa (MUXA), el Centro Recreativo Xalape\u00f1o (CRX), Casa Do\u00f1a Falla y el Museo de la M\u00fasica Veracruzana (MMV), lo que contribuye a fortalecer los est\u00e1ndares de servicio.<\/p>\n<p>Se desarroll\u00f3 en el marco del inicio de la temporada vacacional y forma parte de la estrategia municipal para posicionar a la capital como un referente tur\u00edstico a nivel estatal y regional, destacando su diversidad de espacios naturales, culturales y gastron\u00f3micos, en beneficio de visitantes y la poblaci\u00f3n local.<\/p>\n<p>As\u00ed, la administraci\u00f3n municipal avanza en la consolidaci\u00f3n de una oferta de calidad para el turismo, orientada a impulsar el desarrollo econ\u00f3mico local y fortalecer la proyecci\u00f3n de la ciudad como un destino atractivo, competitivo y con identidad.<\/p>\n","protected":false},"excerpt":{"rendered":"<p>Xalapa, Ver., 30 de marzo de 2026.- Como parte de las acciones para elevar la calidad en la atenci\u00f3n tur\u00edstica y prevenir \u00e1reas de oportunidad en el servicio, el Ayuntamiento de Xalapa, que preside la Alcaldesa, Lic. Daniela Griego Ceballos, puso en marcha la Jornada de Capacitaci\u00f3n para el Sector Tur\u00edstico de Xalapa, que en [&hellip;]<\/p>\n","protected":false},"author":3,"featured_media":1470,"comment_status":"open","ping_status":"open","sticky":false,"template":"","format":"standard","meta":{"footnotes":""},"categories":[8,3],"tags":[],"class_list":{"0":"post-1468","1":"post","2":"type-post","3":"status-publish","4":"format-standard","5":"has-post-thumbnail","7":"category-ayuntamientos","8":"category-principal"},"_links":{"self":[{"href":"https:\/\/elmensajeromx.com\/index.php?rest_route=\/wp\/v2\/posts\/1468","targetHints":{"allow":["GET"]}}],"collection":[{"href":"https:\/\/elmensajeromx.com\/index.php?rest_route=\/wp\/v2\/posts"}],"about":[{"href":"https:\/\/elmensajeromx.com\/index.php?rest_route=\/wp\/v2\/types\/post"}],"author":[{"embeddable":true,"href":"https:\/\/elmensajeromx.com\/index.php?rest_route=\/wp\/v2\/users\/3"}],"replies":[{"embeddable":true,"href":"https:\/\/elmensajeromx.com\/index.php?rest_route=%2Fwp%2Fv2%2Fcomments&post=1468"}],"version-history":[{"count":1,"href":"https:\/\/elmensajeromx.com\/index.php?rest_route=\/wp\/v2\/posts\/1468\/revisions"}],"predecessor-version":[{"id":1471,"href":"https:\/\/elmensajeromx.com\/index.php?rest_route=\/wp\/v2\/posts\/1468\/revisions\/1471"}],"wp:featuredmedia":[{"embeddable":true,"href":"https:\/\/elmensajeromx.com\/index.php?rest_route=\/wp\/v2\/media\/1470"}],"wp:attachment":[{"href":"https:\/\/elmensajeromx.com\/index.php?rest_route=%2Fwp%2Fv2%2Fmedia&parent=1468"}],"wp:term":[{"taxonomy":"category","embeddable":true,"href":"https:\/\/elmensajeromx.com\/index.php?rest_route=%2Fwp%2Fv2%2Fcategories&post=1468"},{"taxonomy":"post_tag","embeddable":true,"href":"https:\/\/elmensajeromx.com\/index.php?rest_route=%2Fwp%2Fv2%2Ftags&post=1468"}],"curies":[{"name":"wp","href":"https:\/\/api.w.org\/{rel}","templated":true}]}}