{"id":1452,"date":"2026-03-31T01:55:45","date_gmt":"2026-03-31T01:55:45","guid":{"rendered":"https:\/\/elmensajeromx.com\/?p=1452"},"modified":"2026-03-31T01:55:45","modified_gmt":"2026-03-31T01:55:45","slug":"esta-abierta-la-convocatoria-del-programa-editorial-de-publicaciones-2026-cerrara-el-30-de-abril","status":"publish","type":"post","link":"https:\/\/elmensajeromx.com\/?p=1452","title":{"rendered":"Est\u00e1 abierta la convocatoria del Programa Editorial de Publicaciones 2026; cerrar\u00e1 el 30 de abril"},"content":{"rendered":"<p>Xalapa, Ver., 30 de marzo de 2026.- Con el prop\u00f3sito de fortalecer la vida cultural del municipio, incentivar la investigaci\u00f3n y difundir el trabajo de quienes escriben, el Ayuntamiento de Xalapa, encabezado por la Presidenta Municipal, Lic. Daniela Griego Ceballos, present\u00f3 el Programa Editorial de Publicaciones 2026, a trav\u00e9s de la Secretar\u00eda del Ayuntamiento.<\/p>\n<p>En este marco, autoridades municipales dieron detalles del proceso de inscripci\u00f3n y los alcances de la estrategia.<\/p>\n<p>En conferencia de prensa, el Secretario del Ayuntamiento, Mtro. V\u00edctor Hugo Meza Cruz, junto con la Regidora Tercera y titular de la Comisi\u00f3n de Bibliotecas, Fomento a la Lectura y Alfabetizaci\u00f3n, Mtra. Susan Liliana Morales Segura, y la Jefa de la Unidad de Ediciones, Publicaciones y Registro, Mtra. Mar\u00eda de los \u00c1ngeles Escobar M\u00e9ndez, informaron que la convocatoria estar\u00e1 vigente desde este 30 de marzo al 30 de abril.<\/p>\n<p>Y contempla cuatro colecciones: Macuilt\u00e9petl, dirigida a libros de divulgaci\u00f3n sociohist\u00f3rica e investigaci\u00f3n sobre Xalapa; Voces de la Finca, para cuento, novela, ensayo, poes\u00eda, cr\u00f3nica, dramaturgia y propuestas experimentales; Chipi-chipi, enfocada en obras para la formaci\u00f3n de lectores de entre 6 y 12 a\u00f1os, y Monumentales, que incluye formatos abiertos como novela gr\u00e1fica, \u00e1lbum ilustrado y c\u00f3mic. Podr\u00e1n participar personas residentes u originarias de Xalapa.<\/p>\n<p>Durante su intervenci\u00f3n, el Secretario, Mtro. V\u00edctor Hugo Meza Cruz, destac\u00f3 que este programa abre un espacio para que personas escritoras, investigadoras y creadoras puedan desarrollar y dar a conocer sus propuestas, tanto emergentes como consolidadas, mediante la publicaci\u00f3n de obras in\u00e9ditas.<\/p>\n<p>Las obras ser\u00e1n evaluadas por especialistas y aquellas seleccionadas pasar\u00e1n por un proceso de edici\u00f3n.<\/p>\n<p>Las y los autores que resulten ganadores recibir\u00e1n un reconocimiento en Sesi\u00f3n Solemne de Cabildo, una medalla y el 10 por ciento del tiraje de su obra.<\/p>\n<p>No ser\u00e1n considerados trabajos que hayan participado en otras convocatorias o que tengan fines de lucro, religiosos o pol\u00edtico-electorales. Los resultados se dar\u00e1n a conocer el 5 de junio en la p\u00e1gina oficial del Ayuntamiento.<\/p>\n<p>Por su parte, la Regidora, Mtra. Susan Liliana Morales Segura, destac\u00f3 el inter\u00e9s de la administraci\u00f3n municipal por fortalecer la lectura en el municipio y que, de manera paralela, se impulsan acciones como la donaci\u00f3n de libros para las nueve bibliotecas municipales, as\u00ed como la pr\u00f3xima emisi\u00f3n de una convocatoria para reforzar el acervo en estos espacios y en los Centros Comunitarios.<\/p>\n<p>En tanto, la Jefa de la Unidad de Ediciones, Publicaciones y Registro, Mar\u00eda de los \u00c1ngeles Escobar M\u00e9ndez, precis\u00f3 que la recepci\u00f3n de obras se realizar\u00e1 \u00fanicamente v\u00eda correo electr\u00f3nico, como una medida que favorece la sustentabilidad al evitar el uso innecesario de papel.<\/p>\n<p>Las propuestas deber\u00e1n enviarse al correo electr\u00f3nico edicionespr2029@gmail.com. Para mayor informaci\u00f3n, se invita a consultar la convocatoria completa en el siguiente enlace: https:\/\/xalapa.gob.mx\/wp-content\/uploads\/2026\/03\/CONVOCATORIA-PROGRAMA-EDITORIAL-DE-PUBLICACIONES-2026bb.pdf.<\/p>\n<p><img loading=\"lazy\" decoding=\"async\" class=\"alignnone size-medium wp-image-1456\" src=\"https:\/\/elmensajeromx.com\/wp-content\/uploads\/2026\/03\/WhatsApp-Image-2026-03-30-at-17.51.11-300x200.jpeg\" alt=\"\" width=\"300\" height=\"200\" srcset=\"https:\/\/elmensajeromx.com\/wp-content\/uploads\/2026\/03\/WhatsApp-Image-2026-03-30-at-17.51.11-300x200.jpeg 300w, https:\/\/elmensajeromx.com\/wp-content\/uploads\/2026\/03\/WhatsApp-Image-2026-03-30-at-17.51.11-1024x682.jpeg 1024w, https:\/\/elmensajeromx.com\/wp-content\/uploads\/2026\/03\/WhatsApp-Image-2026-03-30-at-17.51.11-768x512.jpeg 768w, https:\/\/elmensajeromx.com\/wp-content\/uploads\/2026\/03\/WhatsApp-Image-2026-03-30-at-17.51.11-630x420.jpeg 630w, https:\/\/elmensajeromx.com\/wp-content\/uploads\/2026\/03\/WhatsApp-Image-2026-03-30-at-17.51.11-150x100.jpeg 150w, https:\/\/elmensajeromx.com\/wp-content\/uploads\/2026\/03\/WhatsApp-Image-2026-03-30-at-17.51.11-696x464.jpeg 696w, https:\/\/elmensajeromx.com\/wp-content\/uploads\/2026\/03\/WhatsApp-Image-2026-03-30-at-17.51.11-1068x712.jpeg 1068w, https:\/\/elmensajeromx.com\/wp-content\/uploads\/2026\/03\/WhatsApp-Image-2026-03-30-at-17.51.11.jpeg 1280w\" sizes=\"auto, (max-width: 300px) 100vw, 300px\" \/> <img loading=\"lazy\" decoding=\"async\" class=\"alignnone size-medium wp-image-1455\" src=\"https:\/\/elmensajeromx.com\/wp-content\/uploads\/2026\/03\/WhatsApp-Image-2026-03-30-at-17.51.11-2-300x200.jpeg\" alt=\"\" width=\"300\" height=\"200\" srcset=\"https:\/\/elmensajeromx.com\/wp-content\/uploads\/2026\/03\/WhatsApp-Image-2026-03-30-at-17.51.11-2-300x200.jpeg 300w, https:\/\/elmensajeromx.com\/wp-content\/uploads\/2026\/03\/WhatsApp-Image-2026-03-30-at-17.51.11-2-1024x682.jpeg 1024w, https:\/\/elmensajeromx.com\/wp-content\/uploads\/2026\/03\/WhatsApp-Image-2026-03-30-at-17.51.11-2-768x512.jpeg 768w, https:\/\/elmensajeromx.com\/wp-content\/uploads\/2026\/03\/WhatsApp-Image-2026-03-30-at-17.51.11-2-630x420.jpeg 630w, https:\/\/elmensajeromx.com\/wp-content\/uploads\/2026\/03\/WhatsApp-Image-2026-03-30-at-17.51.11-2-150x100.jpeg 150w, https:\/\/elmensajeromx.com\/wp-content\/uploads\/2026\/03\/WhatsApp-Image-2026-03-30-at-17.51.11-2-696x464.jpeg 696w, https:\/\/elmensajeromx.com\/wp-content\/uploads\/2026\/03\/WhatsApp-Image-2026-03-30-at-17.51.11-2-1068x712.jpeg 1068w, https:\/\/elmensajeromx.com\/wp-content\/uploads\/2026\/03\/WhatsApp-Image-2026-03-30-at-17.51.11-2.jpeg 1280w\" sizes=\"auto, (max-width: 300px) 100vw, 300px\" \/> <img loading=\"lazy\" decoding=\"async\" class=\"alignnone size-medium wp-image-1454\" src=\"https:\/\/elmensajeromx.com\/wp-content\/uploads\/2026\/03\/WhatsApp-Image-2026-03-30-at-17.51.11-1-300x200.jpeg\" alt=\"\" width=\"300\" height=\"200\" srcset=\"https:\/\/elmensajeromx.com\/wp-content\/uploads\/2026\/03\/WhatsApp-Image-2026-03-30-at-17.51.11-1-300x200.jpeg 300w, https:\/\/elmensajeromx.com\/wp-content\/uploads\/2026\/03\/WhatsApp-Image-2026-03-30-at-17.51.11-1-1024x682.jpeg 1024w, https:\/\/elmensajeromx.com\/wp-content\/uploads\/2026\/03\/WhatsApp-Image-2026-03-30-at-17.51.11-1-768x512.jpeg 768w, https:\/\/elmensajeromx.com\/wp-content\/uploads\/2026\/03\/WhatsApp-Image-2026-03-30-at-17.51.11-1-630x420.jpeg 630w, https:\/\/elmensajeromx.com\/wp-content\/uploads\/2026\/03\/WhatsApp-Image-2026-03-30-at-17.51.11-1-150x100.jpeg 150w, https:\/\/elmensajeromx.com\/wp-content\/uploads\/2026\/03\/WhatsApp-Image-2026-03-30-at-17.51.11-1-696x464.jpeg 696w, https:\/\/elmensajeromx.com\/wp-content\/uploads\/2026\/03\/WhatsApp-Image-2026-03-30-at-17.51.11-1-1068x712.jpeg 1068w, https:\/\/elmensajeromx.com\/wp-content\/uploads\/2026\/03\/WhatsApp-Image-2026-03-30-at-17.51.11-1.jpeg 1280w\" sizes=\"auto, (max-width: 300px) 100vw, 300px\" \/><\/p>\n","protected":false},"excerpt":{"rendered":"<p>Xalapa, Ver., 30 de marzo de 2026.- Con el prop\u00f3sito de fortalecer la vida cultural del municipio, incentivar la investigaci\u00f3n y difundir el trabajo de quienes escriben, el Ayuntamiento de Xalapa, encabezado por la Presidenta Municipal, Lic. Daniela Griego Ceballos, present\u00f3 el Programa Editorial de Publicaciones 2026, a trav\u00e9s de la Secretar\u00eda del Ayuntamiento. En [&hellip;]<\/p>\n","protected":false},"author":3,"featured_media":1453,"comment_status":"open","ping_status":"open","sticky":false,"template":"","format":"standard","meta":{"footnotes":""},"categories":[8,3],"tags":[],"class_list":{"0":"post-1452","1":"post","2":"type-post","3":"status-publish","4":"format-standard","5":"has-post-thumbnail","7":"category-ayuntamientos","8":"category-principal"},"_links":{"self":[{"href":"https:\/\/elmensajeromx.com\/index.php?rest_route=\/wp\/v2\/posts\/1452","targetHints":{"allow":["GET"]}}],"collection":[{"href":"https:\/\/elmensajeromx.com\/index.php?rest_route=\/wp\/v2\/posts"}],"about":[{"href":"https:\/\/elmensajeromx.com\/index.php?rest_route=\/wp\/v2\/types\/post"}],"author":[{"embeddable":true,"href":"https:\/\/elmensajeromx.com\/index.php?rest_route=\/wp\/v2\/users\/3"}],"replies":[{"embeddable":true,"href":"https:\/\/elmensajeromx.com\/index.php?rest_route=%2Fwp%2Fv2%2Fcomments&post=1452"}],"version-history":[{"count":1,"href":"https:\/\/elmensajeromx.com\/index.php?rest_route=\/wp\/v2\/posts\/1452\/revisions"}],"predecessor-version":[{"id":1459,"href":"https:\/\/elmensajeromx.com\/index.php?rest_route=\/wp\/v2\/posts\/1452\/revisions\/1459"}],"wp:featuredmedia":[{"embeddable":true,"href":"https:\/\/elmensajeromx.com\/index.php?rest_route=\/wp\/v2\/media\/1453"}],"wp:attachment":[{"href":"https:\/\/elmensajeromx.com\/index.php?rest_route=%2Fwp%2Fv2%2Fmedia&parent=1452"}],"wp:term":[{"taxonomy":"category","embeddable":true,"href":"https:\/\/elmensajeromx.com\/index.php?rest_route=%2Fwp%2Fv2%2Fcategories&post=1452"},{"taxonomy":"post_tag","embeddable":true,"href":"https:\/\/elmensajeromx.com\/index.php?rest_route=%2Fwp%2Fv2%2Ftags&post=1452"}],"curies":[{"name":"wp","href":"https:\/\/api.w.org\/{rel}","templated":true}]}}